{"id":2978,"date":"2024-01-10T10:51:23","date_gmt":"2024-01-10T09:51:23","guid":{"rendered":"https:\/\/primafrio.com\/60-aniversario\/?p=2978"},"modified":"2024-04-05T10:59:04","modified_gmt":"2024-04-05T08:59:04","slug":"jesus-eladio-mira","status":"publish","type":"post","link":"https:\/\/primafrio.com\/60-aniversario\/jesus-eladio-mira\/","title":{"rendered":"Jes\u00fas Eladio Mira"},"content":{"rendered":"<h2>\u00bfDesde cu\u00e1ndo y c\u00f3mo empezaste a formar parte de la empresa?<\/h2>\n<p>Empec\u00e9 a formar parte de la empresa el 1 de diciembre de 2003.<\/p>\n<h2>A t\u00fa parecer, \u00bfqu\u00e9 cualidades destacar\u00edas de la compa\u00f1\u00eda, y cu\u00e1les crees que son los valores que mejor nos definen?<\/h2>\n<p>Destacar\u00eda la profesionalidad y el compromiso de todas las personas que forman parte de la empresa con su trabajo. Por ello somos una empresa a la que nuestros clientes respetan y conf\u00edan totalmente en nuestro trabajo.<\/p>\n<h2>Cu\u00e1l es nuestro punto fuerte?<\/h2>\n<p>Profesionalidad y fiabilidad.<\/p>\n<h2>Despu\u00e9s de estos 60 a\u00f1os: \u00bfDe qu\u00e9 te sientes m\u00e1s orgulloso?<\/h2>\n<p>De haber llegado sin saber nada de transporte y ahora mismo haberme convertido en un profesional del sector gracias a lo que he aprendido en esta empresa.<\/p>\n<h2>\u00bfTienes alguna experiencia rese\u00f1able o alg\u00fan momento que guardes de manera especial en tu memoria?<\/h2>\n<p>Durante 20 a\u00f1os casi que formo parte de esta plantilla ser\u00edan innumerables, pero la m\u00e1s reciente ser\u00eda que cuando llegamos el primer d\u00eda a las nuevas instalaciones me perd\u00ed para llegar al comedor&#8230;<\/p>\n","protected":false},"excerpt":{"rendered":"<p>\u00bfDesde cu\u00e1ndo y c\u00f3mo empezaste a formar parte de la empresa? Empec\u00e9 a formar parte de la empresa el 1 de diciembre de 2003. A t\u00fa parecer, \u00bfqu\u00e9 cualidades destacar\u00edas de la compa\u00f1\u00eda, y cu\u00e1les crees que son los valores que mejor nos definen? Destacar\u00eda la profesionalidad y el compromiso de todas las personas que [&hellip;]<\/p>\n","protected":false},"author":1,"featured_media":2979,"comment_status":"open","ping_status":"open","sticky":false,"template":"","format":"standard","meta":{"footnotes":""},"categories":[13],"tags":[],"class_list":["post-2978","post","type-post","status-publish","format-standard","has-post-thumbnail","hentry","category-protagonistas"],"_links":{"self":[{"href":"https:\/\/primafrio.com\/60-aniversario\/wp-json\/wp\/v2\/posts\/2978","targetHints":{"allow":["GET"]}}],"collection":[{"href":"https:\/\/primafrio.com\/60-aniversario\/wp-json\/wp\/v2\/posts"}],"about":[{"href":"https:\/\/primafrio.com\/60-aniversario\/wp-json\/wp\/v2\/types\/post"}],"author":[{"embeddable":true,"href":"https:\/\/primafrio.com\/60-aniversario\/wp-json\/wp\/v2\/users\/1"}],"replies":[{"embeddable":true,"href":"https:\/\/primafrio.com\/60-aniversario\/wp-json\/wp\/v2\/comments?post=2978"}],"version-history":[{"count":2,"href":"https:\/\/primafrio.com\/60-aniversario\/wp-json\/wp\/v2\/posts\/2978\/revisions"}],"predecessor-version":[{"id":3043,"href":"https:\/\/primafrio.com\/60-aniversario\/wp-json\/wp\/v2\/posts\/2978\/revisions\/3043"}],"wp:featuredmedia":[{"embeddable":true,"href":"https:\/\/primafrio.com\/60-aniversario\/wp-json\/wp\/v2\/media\/2979"}],"wp:attachment":[{"href":"https:\/\/primafrio.com\/60-aniversario\/wp-json\/wp\/v2\/media?parent=2978"}],"wp:term":[{"taxonomy":"category","embeddable":true,"href":"https:\/\/primafrio.com\/60-aniversario\/wp-json\/wp\/v2\/categories?post=2978"},{"taxonomy":"post_tag","embeddable":true,"href":"https:\/\/primafrio.com\/60-aniversario\/wp-json\/wp\/v2\/tags?post=2978"}],"curies":[{"name":"wp","href":"https:\/\/api.w.org\/{rel}","templated":true}]}}