{"id":2970,"date":"2023-06-19T17:52:17","date_gmt":"2023-06-19T15:52:17","guid":{"rendered":"https:\/\/primafrio.com\/60-aniversario\/?p=2970"},"modified":"2024-01-09T11:42:58","modified_gmt":"2024-01-09T10:42:58","slug":"isabel-santos","status":"publish","type":"post","link":"https:\/\/primafrio.com\/60-aniversario\/isabel-santos\/","title":{"rendered":"Isabel Santos"},"content":{"rendered":"<h2>\u00bfDesde cu\u00e1ndo y c\u00f3mo empezaste a formar parte de la empresa?<\/h2>\n<p>Llevo en la empresa desde mayo de 2018.<\/p>\n<h2>A t\u00fa parecer, \u00bfqu\u00e9 cualidades destacar\u00edas de la compa\u00f1\u00eda, y cu\u00e1les crees que son los valores que mejor nos definen? <\/h2>\n<p>La compa\u00f1\u00eda est\u00e1 reconocida como uno de los principales operadores log\u00edsticos de Europa y cuenta con varias cualidades que la diferencian en el sector, como son su experiencia y reputaci\u00f3n, una flota moderna y tecnolog\u00eda avanzada, la responsabilidad social y ambiental y una amplia red de distribuci\u00f3n. Los valores que mejor definen a Primafrio son la excelencia, la confianza, la orientaci\u00f3n al cliente, la sostenibilidad, el respeto y la innovaci\u00f3n.<\/p>\n<h2>Cu\u00e1l es nuestro punto fuerte? <\/h2>\n<p>Uno de los puntos fuertes de Primafrio es su amplia y moderna flota de veh\u00edculos frigor\u00edficos y su amplia red de distribuci\u00f3n.<\/p>\n<h2>Despu\u00e9s de estos 60 a\u00f1os: \u00bfDe qu\u00e9 te sientes m\u00e1s orgulloso?<\/h2>\n<p>Me siento orgullosa de ser parte de una empresa que me brinda estabilidad, posibilidad de crecimiento y evoluci\u00f3n, reconocimiento y desarrollo profesional.<\/p>\n<h2>\u00bfTienes alguna experiencia rese\u00f1able o alg\u00fan momento que guardes de manera especial en tu memoria?<\/h2>\n<p>Uno de los momentos que considero destacables dentro de la empresa fue cuando tuve la oportunidad de coordinar el departamento de gesti\u00f3n de n\u00f3mimas. Otro punto destacado fue mi visita a las instalaciones de Alhama de Murcia.<\/p>\n","protected":false},"excerpt":{"rendered":"<p>\u00bfDesde cu\u00e1ndo y c\u00f3mo empezaste a formar parte de la empresa? Llevo en la empresa desde mayo de 2018. A t\u00fa parecer, \u00bfqu\u00e9 cualidades destacar\u00edas de la compa\u00f1\u00eda, y cu\u00e1les crees que son los valores que mejor nos definen? La compa\u00f1\u00eda est\u00e1 reconocida como uno de los principales operadores log\u00edsticos de Europa y cuenta con [&hellip;]<\/p>\n","protected":false},"author":1,"featured_media":2971,"comment_status":"open","ping_status":"open","sticky":false,"template":"","format":"standard","meta":{"footnotes":""},"categories":[13],"tags":[],"class_list":["post-2970","post","type-post","status-publish","format-standard","has-post-thumbnail","hentry","category-protagonistas"],"_links":{"self":[{"href":"https:\/\/primafrio.com\/60-aniversario\/wp-json\/wp\/v2\/posts\/2970","targetHints":{"allow":["GET"]}}],"collection":[{"href":"https:\/\/primafrio.com\/60-aniversario\/wp-json\/wp\/v2\/posts"}],"about":[{"href":"https:\/\/primafrio.com\/60-aniversario\/wp-json\/wp\/v2\/types\/post"}],"author":[{"embeddable":true,"href":"https:\/\/primafrio.com\/60-aniversario\/wp-json\/wp\/v2\/users\/1"}],"replies":[{"embeddable":true,"href":"https:\/\/primafrio.com\/60-aniversario\/wp-json\/wp\/v2\/comments?post=2970"}],"version-history":[{"count":2,"href":"https:\/\/primafrio.com\/60-aniversario\/wp-json\/wp\/v2\/posts\/2970\/revisions"}],"predecessor-version":[{"id":2973,"href":"https:\/\/primafrio.com\/60-aniversario\/wp-json\/wp\/v2\/posts\/2970\/revisions\/2973"}],"wp:featuredmedia":[{"embeddable":true,"href":"https:\/\/primafrio.com\/60-aniversario\/wp-json\/wp\/v2\/media\/2971"}],"wp:attachment":[{"href":"https:\/\/primafrio.com\/60-aniversario\/wp-json\/wp\/v2\/media?parent=2970"}],"wp:term":[{"taxonomy":"category","embeddable":true,"href":"https:\/\/primafrio.com\/60-aniversario\/wp-json\/wp\/v2\/categories?post=2970"},{"taxonomy":"post_tag","embeddable":true,"href":"https:\/\/primafrio.com\/60-aniversario\/wp-json\/wp\/v2\/tags?post=2970"}],"curies":[{"name":"wp","href":"https:\/\/api.w.org\/{rel}","templated":true}]}}