{"id":2967,"date":"2023-06-05T12:15:22","date_gmt":"2023-06-05T10:15:22","guid":{"rendered":"https:\/\/primafrio.com\/60-aniversario\/?p=2967"},"modified":"2024-01-09T11:37:14","modified_gmt":"2024-01-09T10:37:14","slug":"antonio-gomez","status":"publish","type":"post","link":"https:\/\/primafrio.com\/60-aniversario\/antonio-gomez\/","title":{"rendered":"Antonio G\u00f3mez"},"content":{"rendered":"<h2>\u00bfDesde cu\u00e1ndo y c\u00f3mo empezaste a formar parte de la empresa?<\/h2>\n<p>Comenc\u00e9 en el departamento de tr\u00e1fico en abril de 2014 procedente de otra empresa<br \/>\ndel sector.<\/p>\n<h2>A t\u00fa parecer, \u00bfqu\u00e9 cualidades destacar\u00edas de la compa\u00f1\u00eda, y cu\u00e1les crees que son los valores que mejor nos definen? <\/h2>\n<p>Lo que m\u00e1s destaco es la continua modernizaci\u00f3n y el aumento de nuestros compromisos con muchas y potentes compa\u00f1\u00edas que opino son nuestra fuente y que nos definen como gran empresa a nivel nacional e internacional.<\/p>\n<h2>Cu\u00e1l es nuestro punto fuerte? <\/h2>\n<p>Nuestro punto fuerte considero es ese esp\u00edritu de fuerza ante cualquier reto que se presente y que nos podemos permitir hacer cosas que otras empresas no pueden.<\/p>\n<h2>Despu\u00e9s de estos 60 a\u00f1os: \u00bfDe qu\u00e9 te sientes m\u00e1s orgulloso?<\/h2>\n<p>Me siento orgulloso estar en esta empresa con capacidad y poder en el sector. Siento un gran orgullo y satisfacci\u00f3n como empleado porque es un trabajo que llevo 39 a\u00f1os ejercit\u00e1ndolo consciente de la dureza que conlleva.<\/p>\n<h2>\u00bfTienes alguna experiencia rese\u00f1able o alg\u00fan momento que guardes de manera especial en tu memoria?<\/h2>\n<p>Una de ellas fue cuando le confirm\u00e9 a Jos\u00e9 Esteban y a su hermano Juan mi decisi\u00f3n de hacer ese cambio profesional e incorporarme a la empresa de lo cual nunca me he arrepentido. Otra y para mi siempre rese\u00f1able es la responsabilidad y compromiso, la continuidad en tiempos dif\u00edciles que siempre guardo conmigo, con mis aciertos y equivocaciones como persona que soy.<\/p>\n","protected":false},"excerpt":{"rendered":"<p>\u00bfDesde cu\u00e1ndo y c\u00f3mo empezaste a formar parte de la empresa? Comenc\u00e9 en el departamento de tr\u00e1fico en abril de 2014 procedente de otra empresa del sector. A t\u00fa parecer, \u00bfqu\u00e9 cualidades destacar\u00edas de la compa\u00f1\u00eda, y cu\u00e1les crees que son los valores que mejor nos definen? Lo que m\u00e1s destaco es la continua modernizaci\u00f3n [&hellip;]<\/p>\n","protected":false},"author":1,"featured_media":2968,"comment_status":"open","ping_status":"open","sticky":false,"template":"","format":"standard","meta":{"footnotes":""},"categories":[13],"tags":[],"class_list":["post-2967","post","type-post","status-publish","format-standard","has-post-thumbnail","hentry","category-protagonistas"],"_links":{"self":[{"href":"https:\/\/primafrio.com\/60-aniversario\/wp-json\/wp\/v2\/posts\/2967","targetHints":{"allow":["GET"]}}],"collection":[{"href":"https:\/\/primafrio.com\/60-aniversario\/wp-json\/wp\/v2\/posts"}],"about":[{"href":"https:\/\/primafrio.com\/60-aniversario\/wp-json\/wp\/v2\/types\/post"}],"author":[{"embeddable":true,"href":"https:\/\/primafrio.com\/60-aniversario\/wp-json\/wp\/v2\/users\/1"}],"replies":[{"embeddable":true,"href":"https:\/\/primafrio.com\/60-aniversario\/wp-json\/wp\/v2\/comments?post=2967"}],"version-history":[{"count":1,"href":"https:\/\/primafrio.com\/60-aniversario\/wp-json\/wp\/v2\/posts\/2967\/revisions"}],"predecessor-version":[{"id":2969,"href":"https:\/\/primafrio.com\/60-aniversario\/wp-json\/wp\/v2\/posts\/2967\/revisions\/2969"}],"wp:featuredmedia":[{"embeddable":true,"href":"https:\/\/primafrio.com\/60-aniversario\/wp-json\/wp\/v2\/media\/2968"}],"wp:attachment":[{"href":"https:\/\/primafrio.com\/60-aniversario\/wp-json\/wp\/v2\/media?parent=2967"}],"wp:term":[{"taxonomy":"category","embeddable":true,"href":"https:\/\/primafrio.com\/60-aniversario\/wp-json\/wp\/v2\/categories?post=2967"},{"taxonomy":"post_tag","embeddable":true,"href":"https:\/\/primafrio.com\/60-aniversario\/wp-json\/wp\/v2\/tags?post=2967"}],"curies":[{"name":"wp","href":"https:\/\/api.w.org\/{rel}","templated":true}]}}