{"id":2963,"date":"2023-07-11T18:19:49","date_gmt":"2023-07-11T16:19:49","guid":{"rendered":"https:\/\/primafrio.com\/60-aniversario\/?p=2963"},"modified":"2024-01-08T17:08:06","modified_gmt":"2024-01-08T16:08:06","slug":"ruben-carrasco","status":"publish","type":"post","link":"https:\/\/primafrio.com\/60-aniversario\/ruben-carrasco\/","title":{"rendered":"Rub\u00e9n Carrasco"},"content":{"rendered":"<h2>\u00bfDesde cu\u00e1ndo y c\u00f3mo empezaste a formar parte de la empresa?<\/h2>\n<p>Llevo desde el a\u00f1o 2016 y entr\u00e9 en la empresa a trav\u00e9s de mi profesor haciendo un grado superior.<\/p>\n<h2>A t\u00fa parecer, \u00bfqu\u00e9 cualidades destacar\u00edas de la compa\u00f1\u00eda, y cu\u00e1les crees que son los valores que mejor nos definen? <\/h2>\n<p>La capacidad que tiene de solucionar los problemas que suelen surgir, la seriedad y puntualidad que tienen con los clientes.<\/p>\n<h2>Cu\u00e1l es nuestro punto fuerte? <\/h2>\n<p>Los trabajadores y el compa\u00f1erismo que hay en los departamentos para sacar el trabajo adelante.<\/p>\n<h2>Despu\u00e9s de estos 60 a\u00f1os: \u00bfDe qu\u00e9 te sientes m\u00e1s orgulloso?<\/h2>\n<p>Me siento orgulloso de trabajar en RRHH, la verdad es que tuve suerte en que me dieran la oportunidad de trabajar aqu\u00ed y la confianza que ha tenido Paco Torres conmigo.<\/p>\n<h2>\u00bfTienes alguna experiencia rese\u00f1able o alg\u00fan momento que guardes de manera especial en tu memoria?<\/h2>\n<p>Son muchas cosas las que he vivido en esta empresa durante estos 7 a\u00f1os que estoy trabajando, no sabr\u00eda destacar uno.<\/p>\n","protected":false},"excerpt":{"rendered":"<p>\u00bfDesde cu\u00e1ndo y c\u00f3mo empezaste a formar parte de la empresa? Llevo desde el a\u00f1o 2016 y entr\u00e9 en la empresa a trav\u00e9s de mi profesor haciendo un grado superior. A t\u00fa parecer, \u00bfqu\u00e9 cualidades destacar\u00edas de la compa\u00f1\u00eda, y cu\u00e1les crees que son los valores que mejor nos definen? La capacidad que tiene de [&hellip;]<\/p>\n","protected":false},"author":1,"featured_media":2964,"comment_status":"open","ping_status":"open","sticky":false,"template":"","format":"standard","meta":{"footnotes":""},"categories":[13],"tags":[],"class_list":["post-2963","post","type-post","status-publish","format-standard","has-post-thumbnail","hentry","category-protagonistas"],"_links":{"self":[{"href":"https:\/\/primafrio.com\/60-aniversario\/wp-json\/wp\/v2\/posts\/2963","targetHints":{"allow":["GET"]}}],"collection":[{"href":"https:\/\/primafrio.com\/60-aniversario\/wp-json\/wp\/v2\/posts"}],"about":[{"href":"https:\/\/primafrio.com\/60-aniversario\/wp-json\/wp\/v2\/types\/post"}],"author":[{"embeddable":true,"href":"https:\/\/primafrio.com\/60-aniversario\/wp-json\/wp\/v2\/users\/1"}],"replies":[{"embeddable":true,"href":"https:\/\/primafrio.com\/60-aniversario\/wp-json\/wp\/v2\/comments?post=2963"}],"version-history":[{"count":2,"href":"https:\/\/primafrio.com\/60-aniversario\/wp-json\/wp\/v2\/posts\/2963\/revisions"}],"predecessor-version":[{"id":2966,"href":"https:\/\/primafrio.com\/60-aniversario\/wp-json\/wp\/v2\/posts\/2963\/revisions\/2966"}],"wp:featuredmedia":[{"embeddable":true,"href":"https:\/\/primafrio.com\/60-aniversario\/wp-json\/wp\/v2\/media\/2964"}],"wp:attachment":[{"href":"https:\/\/primafrio.com\/60-aniversario\/wp-json\/wp\/v2\/media?parent=2963"}],"wp:term":[{"taxonomy":"category","embeddable":true,"href":"https:\/\/primafrio.com\/60-aniversario\/wp-json\/wp\/v2\/categories?post=2963"},{"taxonomy":"post_tag","embeddable":true,"href":"https:\/\/primafrio.com\/60-aniversario\/wp-json\/wp\/v2\/tags?post=2963"}],"curies":[{"name":"wp","href":"https:\/\/api.w.org\/{rel}","templated":true}]}}