{"id":2959,"date":"2023-07-30T20:53:58","date_gmt":"2023-07-30T18:53:58","guid":{"rendered":"https:\/\/primafrio.com\/60-aniversario\/?p=2959"},"modified":"2024-01-08T17:07:07","modified_gmt":"2024-01-08T16:07:07","slug":"maria-jose-erazo","status":"publish","type":"post","link":"https:\/\/primafrio.com\/60-aniversario\/maria-jose-erazo\/","title":{"rendered":"Maria Jos\u00e9 Erazo"},"content":{"rendered":"<h2>\u00bfDesde cu\u00e1ndo y c\u00f3mo empezaste a formar parte de la empresa?<\/h2>\n<p>Empec\u00e9\u00b4 como becaria con Eduardo durante un a\u00f1oo, despu\u00e9s hice las pr\u00e1cticas en el departamento de RRHH y en cuanto termin\u00e9\u00b4 mis estudios el 27-06-2022, me hicieron un contrato de pr\u00e1cticas en el mismo departamento.<\/p>\n<h2>A t\u00fa parecer, \u00bfqu\u00e9 cualidades destacar\u00edas de la compa\u00f1\u00eda, y cu\u00e1les crees que son los valores que mejor nos definen? <\/h2>\n<p>La eficacia, el compa\u00f1erismo, la rapidez.<\/p>\n<h2>Cu\u00e1l es nuestro punto fuerte? <\/h2>\n<p>La innovaci\u00f3n y desarrollo constante.<\/p>\n<h2>Despu\u00e9s de estos 60 a\u00f1os: \u00bfDe qu\u00e9 te sientes m\u00e1s orgulloso?<\/h2>\n<p>Yo por el poco tiempo que llevo en la empresa me siento orgullosa de c\u00f3mo una empresa tan grande constantemente se preocupa por darle una oportunidad laboral y formaci\u00f3n a la gente m\u00e1s joven, la cual, no tiene experiencia.<\/p>\n","protected":false},"excerpt":{"rendered":"<p>\u00bfDesde cu\u00e1ndo y c\u00f3mo empezaste a formar parte de la empresa? Empec\u00e9\u00b4 como becaria con Eduardo durante un a\u00f1oo, despu\u00e9s hice las pr\u00e1cticas en el departamento de RRHH y en cuanto termin\u00e9\u00b4 mis estudios el 27-06-2022, me hicieron un contrato de pr\u00e1cticas en el mismo departamento. A t\u00fa parecer, \u00bfqu\u00e9 cualidades destacar\u00edas de la compa\u00f1\u00eda, [&hellip;]<\/p>\n","protected":false},"author":1,"featured_media":2960,"comment_status":"open","ping_status":"open","sticky":false,"template":"","format":"standard","meta":{"footnotes":""},"categories":[13],"tags":[],"class_list":["post-2959","post","type-post","status-publish","format-standard","has-post-thumbnail","hentry","category-protagonistas"],"_links":{"self":[{"href":"https:\/\/primafrio.com\/60-aniversario\/wp-json\/wp\/v2\/posts\/2959","targetHints":{"allow":["GET"]}}],"collection":[{"href":"https:\/\/primafrio.com\/60-aniversario\/wp-json\/wp\/v2\/posts"}],"about":[{"href":"https:\/\/primafrio.com\/60-aniversario\/wp-json\/wp\/v2\/types\/post"}],"author":[{"embeddable":true,"href":"https:\/\/primafrio.com\/60-aniversario\/wp-json\/wp\/v2\/users\/1"}],"replies":[{"embeddable":true,"href":"https:\/\/primafrio.com\/60-aniversario\/wp-json\/wp\/v2\/comments?post=2959"}],"version-history":[{"count":2,"href":"https:\/\/primafrio.com\/60-aniversario\/wp-json\/wp\/v2\/posts\/2959\/revisions"}],"predecessor-version":[{"id":2962,"href":"https:\/\/primafrio.com\/60-aniversario\/wp-json\/wp\/v2\/posts\/2959\/revisions\/2962"}],"wp:featuredmedia":[{"embeddable":true,"href":"https:\/\/primafrio.com\/60-aniversario\/wp-json\/wp\/v2\/media\/2960"}],"wp:attachment":[{"href":"https:\/\/primafrio.com\/60-aniversario\/wp-json\/wp\/v2\/media?parent=2959"}],"wp:term":[{"taxonomy":"category","embeddable":true,"href":"https:\/\/primafrio.com\/60-aniversario\/wp-json\/wp\/v2\/categories?post=2959"},{"taxonomy":"post_tag","embeddable":true,"href":"https:\/\/primafrio.com\/60-aniversario\/wp-json\/wp\/v2\/tags?post=2959"}],"curies":[{"name":"wp","href":"https:\/\/api.w.org\/{rel}","templated":true}]}}