{"id":2955,"date":"2023-06-24T17:58:31","date_gmt":"2023-06-24T15:58:31","guid":{"rendered":"https:\/\/primafrio.com\/60-aniversario\/?p=2955"},"modified":"2024-01-08T17:01:38","modified_gmt":"2024-01-08T16:01:38","slug":"manuel-martinez","status":"publish","type":"post","link":"https:\/\/primafrio.com\/60-aniversario\/manuel-martinez\/","title":{"rendered":"Manuel Mart\u00ednez"},"content":{"rendered":"<h2>\u00bfDesde cu\u00e1ndo y c\u00f3mo empezaste a formar parte de la empresa?<\/h2>\n<p>Comenc\u00e9 en enero del a\u00f1o 2012, directamente en el departamento de inform\u00e1tica.<\/p>\n<h2>A t\u00fa parecer, \u00bfqu\u00e9 cualidades destacar\u00edas de la compa\u00f1\u00eda, y cu\u00e1les crees que son los valores que mejor nos definen? <\/h2>\n<p>Pasi\u00f3n por el trabajo junto a la calidad del mismo.<\/p>\n<h2>Cu\u00e1l es nuestro punto fuerte? <\/h2>\n<p>Trabajo en equipo. Cuando las personas trabajan juntas, pueden crear algo m\u00e1s grande que ellas mismas como individuos.<\/p>\n<h2>Despu\u00e9s de estos 60 a\u00f1os: \u00bfDe qu\u00e9 te sientes m\u00e1s orgulloso?<\/h2>\n<p>Que seguimos siendo una gran familia.<\/p>\n<h2>\u00bfTienes alguna experiencia rese\u00f1able o alg\u00fan momento que guardes de manera especial en tu memoria?<\/h2>\n<p>Con el cambio de sede de Molina del Segura a Alhama de Murcia, se prepar\u00f3 un armario con todos los servidores en una habitaci\u00f3n cerrada con su aire acondicionado y su Sai para la corriente. Cuando lo ten\u00edamos todo preparado para el traslado, la rotura de una tuber\u00eda de agua que afect\u00f3 a esa habitaci\u00f3n hizo que tuvi\u00e9ramos que pedir todos los servidores de nuevo a f\u00e1brica y empezar de 0 la configuraci\u00f3n. No lo pod\u00edamos creer.<\/p>\n","protected":false},"excerpt":{"rendered":"<p>\u00bfDesde cu\u00e1ndo y c\u00f3mo empezaste a formar parte de la empresa? Comenc\u00e9 en enero del a\u00f1o 2012, directamente en el departamento de inform\u00e1tica. A t\u00fa parecer, \u00bfqu\u00e9 cualidades destacar\u00edas de la compa\u00f1\u00eda, y cu\u00e1les crees que son los valores que mejor nos definen? Pasi\u00f3n por el trabajo junto a la calidad del mismo. Cu\u00e1l es [&hellip;]<\/p>\n","protected":false},"author":1,"featured_media":2956,"comment_status":"open","ping_status":"open","sticky":false,"template":"","format":"standard","meta":{"footnotes":""},"categories":[13],"tags":[],"class_list":["post-2955","post","type-post","status-publish","format-standard","has-post-thumbnail","hentry","category-protagonistas"],"_links":{"self":[{"href":"https:\/\/primafrio.com\/60-aniversario\/wp-json\/wp\/v2\/posts\/2955","targetHints":{"allow":["GET"]}}],"collection":[{"href":"https:\/\/primafrio.com\/60-aniversario\/wp-json\/wp\/v2\/posts"}],"about":[{"href":"https:\/\/primafrio.com\/60-aniversario\/wp-json\/wp\/v2\/types\/post"}],"author":[{"embeddable":true,"href":"https:\/\/primafrio.com\/60-aniversario\/wp-json\/wp\/v2\/users\/1"}],"replies":[{"embeddable":true,"href":"https:\/\/primafrio.com\/60-aniversario\/wp-json\/wp\/v2\/comments?post=2955"}],"version-history":[{"count":2,"href":"https:\/\/primafrio.com\/60-aniversario\/wp-json\/wp\/v2\/posts\/2955\/revisions"}],"predecessor-version":[{"id":2958,"href":"https:\/\/primafrio.com\/60-aniversario\/wp-json\/wp\/v2\/posts\/2955\/revisions\/2958"}],"wp:featuredmedia":[{"embeddable":true,"href":"https:\/\/primafrio.com\/60-aniversario\/wp-json\/wp\/v2\/media\/2956"}],"wp:attachment":[{"href":"https:\/\/primafrio.com\/60-aniversario\/wp-json\/wp\/v2\/media?parent=2955"}],"wp:term":[{"taxonomy":"category","embeddable":true,"href":"https:\/\/primafrio.com\/60-aniversario\/wp-json\/wp\/v2\/categories?post=2955"},{"taxonomy":"post_tag","embeddable":true,"href":"https:\/\/primafrio.com\/60-aniversario\/wp-json\/wp\/v2\/tags?post=2955"}],"curies":[{"name":"wp","href":"https:\/\/api.w.org\/{rel}","templated":true}]}}