{"id":2928,"date":"2023-07-30T19:57:33","date_gmt":"2023-07-30T17:57:33","guid":{"rendered":"https:\/\/primafrio.com\/60-aniversario\/?p=2928"},"modified":"2024-01-03T10:01:40","modified_gmt":"2024-01-03T09:01:40","slug":"noelia-garcia","status":"publish","type":"post","link":"https:\/\/primafrio.com\/60-aniversario\/noelia-garcia\/","title":{"rendered":"Noelia Garc\u00eda"},"content":{"rendered":"<h2>\u00bfDesde cu\u00e1ndo y c\u00f3mo empezaste a formar parte de la empresa?<\/h2>\n<p>Empec\u00e9 el 14 de Junio de 2021, por medio de una oferta que se abri\u00f3 en INFOJOBS.<\/p>\n<h2>A t\u00fa parecer, \u00bfqu\u00e9 cualidades destacar\u00edas de la compa\u00f1\u00eda, y cu\u00e1les crees que son los valores que mejor nos definen? <\/h2>\n<p>Su compromiso con los trabajadores y su transparencia con los mismos, creando con ello un clima laboral id\u00f3neo.<\/p>\n<h2>Cu\u00e1l es nuestro punto fuerte? <\/h2>\n<p>El gran capital humano del que se compone el Grupo y su capacidad de mejora continua.<\/p>\n<h2>Despu\u00e9s de estos 60 a\u00f1os: \u00bfDe qu\u00e9 te sientes m\u00e1s orgulloso?<\/h2>\n<p>Sin duda, una de las cosas que m\u00e1s valoro es la cercan\u00eda entre los diversos departamentos y el compa\u00f1erismo, algo que considero un valor primordial en el caso de las grandes compa\u00f1\u00edas.<\/p>\n<h2>\u00bfTienes alguna experiencia rese\u00f1able o alg\u00fan momento que guardes de manera especial en tu memoria?<\/h2>\n<p>Son diversas las an\u00e9cdotas que se pueden destacar de mi estancia aqu\u00ed, ya sean por parte de los compa\u00f1eros, las propias entrevistas o los mismos ch\u00f3feres, por lo que no sabr\u00eda cu\u00e1l de ellas subrayar, ya que pr\u00e1cticamente cada d\u00eda es algo nuevo.<\/p>\n","protected":false},"excerpt":{"rendered":"<p>\u00bfDesde cu\u00e1ndo y c\u00f3mo empezaste a formar parte de la empresa? Empec\u00e9 el 14 de Junio de 2021, por medio de una oferta que se abri\u00f3 en INFOJOBS. A t\u00fa parecer, \u00bfqu\u00e9 cualidades destacar\u00edas de la compa\u00f1\u00eda, y cu\u00e1les crees que son los valores que mejor nos definen? Su compromiso con los trabajadores y su [&hellip;]<\/p>\n","protected":false},"author":1,"featured_media":2929,"comment_status":"open","ping_status":"open","sticky":false,"template":"","format":"standard","meta":{"footnotes":""},"categories":[13],"tags":[],"class_list":["post-2928","post","type-post","status-publish","format-standard","has-post-thumbnail","hentry","category-protagonistas"],"_links":{"self":[{"href":"https:\/\/primafrio.com\/60-aniversario\/wp-json\/wp\/v2\/posts\/2928","targetHints":{"allow":["GET"]}}],"collection":[{"href":"https:\/\/primafrio.com\/60-aniversario\/wp-json\/wp\/v2\/posts"}],"about":[{"href":"https:\/\/primafrio.com\/60-aniversario\/wp-json\/wp\/v2\/types\/post"}],"author":[{"embeddable":true,"href":"https:\/\/primafrio.com\/60-aniversario\/wp-json\/wp\/v2\/users\/1"}],"replies":[{"embeddable":true,"href":"https:\/\/primafrio.com\/60-aniversario\/wp-json\/wp\/v2\/comments?post=2928"}],"version-history":[{"count":2,"href":"https:\/\/primafrio.com\/60-aniversario\/wp-json\/wp\/v2\/posts\/2928\/revisions"}],"predecessor-version":[{"id":2931,"href":"https:\/\/primafrio.com\/60-aniversario\/wp-json\/wp\/v2\/posts\/2928\/revisions\/2931"}],"wp:featuredmedia":[{"embeddable":true,"href":"https:\/\/primafrio.com\/60-aniversario\/wp-json\/wp\/v2\/media\/2929"}],"wp:attachment":[{"href":"https:\/\/primafrio.com\/60-aniversario\/wp-json\/wp\/v2\/media?parent=2928"}],"wp:term":[{"taxonomy":"category","embeddable":true,"href":"https:\/\/primafrio.com\/60-aniversario\/wp-json\/wp\/v2\/categories?post=2928"},{"taxonomy":"post_tag","embeddable":true,"href":"https:\/\/primafrio.com\/60-aniversario\/wp-json\/wp\/v2\/tags?post=2928"}],"curies":[{"name":"wp","href":"https:\/\/api.w.org\/{rel}","templated":true}]}}