{"id":2914,"date":"2023-07-27T09:16:29","date_gmt":"2023-07-27T07:16:29","guid":{"rendered":"https:\/\/primafrio.com\/60-aniversario\/?p=2914"},"modified":"2024-01-03T09:25:29","modified_gmt":"2024-01-03T08:25:29","slug":"barbara-galian","status":"publish","type":"post","link":"https:\/\/primafrio.com\/60-aniversario\/barbara-galian\/","title":{"rendered":"B\u00e1rbara Gali\u00e1n"},"content":{"rendered":"<h2>\u00bfDesde cu\u00e1ndo y c\u00f3mo empezaste a formar parte de la empresa?<\/h2>\n<p>Empec\u00e9 a trabajar en Primafrio el 21 de agosto de 2019 y mi carrera laboral comenz\u00f3 por una oferta que vi en Infojobs dentro del Departamento de Recursos Humanos, siendo mi primer trabajo dentro del sector del transporte.<\/p>\n<h2>A t\u00fa parecer, \u00bfqu\u00e9 cualidades destacar\u00edas de la compa\u00f1\u00eda, y cu\u00e1les crees que son los valores que mejor nos definen? <\/h2>\n<p>Lo que m\u00e1s destacar\u00eda de la empresa es su gran flota, el servicio que se da a los clientes y la rapidez de entrega de las mercanc\u00edas, siendo una compa\u00f1\u00eda muy cercana con los empleados.<\/p>\n<h2>Cu\u00e1l es nuestro punto fuerte? <\/h2>\n<p>El punto mas destacable de la empresa dir\u00eda que es el capital humano, donde existe una gran comunicaci\u00f3n y armon\u00eda entre departamentos y ch\u00f3feres entre los que nos intentamos ayudar entre todos.<\/p>\n<h2>Despu\u00e9s de estos 60 a\u00f1os: \u00bfDe qu\u00e9 te sientes m\u00e1s orgulloso?<\/h2>\n<p>De lo que mas orgullosa me siento es del compa\u00f1erismo que hay dentro de los departamentos, de la experiencia que me ha otorgado la empresa y de las cosas nuevas que se aprenden cada d\u00eda dentro del Departamento de RRHH y de formar de parte del equipo humano de una empresa referente del sector del transporte.<\/p>\n<h2>\u00bfTienes alguna experiencia rese\u00f1able o alg\u00fan momento que guardes de manera especial en tu memoria?<\/h2>\n<p>Ser\u00eda dif\u00edcil rese\u00f1ar alg\u00fan momento destacable ya que cada d\u00eda tenemos varias an\u00e9cdotas con ch\u00f3feres debido a mis tareas como gesti\u00f3n del conductor, entre las llamadas de ch\u00f3feres y los que vienen aqu\u00ed en ventanilla, entre los que hemos tenido momento muy divertidos y momentos m\u00e1s tristes, pero siempre intentando ayudar a los trabajadores. Tambi\u00e9n seria rese\u00f1able destacar la buena relaci\u00f3n que tenemos los compa\u00f1eros dentro del Departamento de Recursos Humanos que somos mucho m\u00e1s que compa\u00f1eros, celebramos los cumplea\u00f1os, hacemos amigo invisible en Navidad y quedamos para comer y cenar fuera del horario laboral, considerando a todos mis compa\u00f1eros como una segunda familia.<\/p>\n","protected":false},"excerpt":{"rendered":"<p>\u00bfDesde cu\u00e1ndo y c\u00f3mo empezaste a formar parte de la empresa? Empec\u00e9 a trabajar en Primafrio el 21 de agosto de 2019 y mi carrera laboral comenz\u00f3 por una oferta que vi en Infojobs dentro del Departamento de Recursos Humanos, siendo mi primer trabajo dentro del sector del transporte. A t\u00fa parecer, \u00bfqu\u00e9 cualidades destacar\u00edas [&hellip;]<\/p>\n","protected":false},"author":1,"featured_media":2915,"comment_status":"open","ping_status":"open","sticky":false,"template":"","format":"standard","meta":{"footnotes":""},"categories":[13],"tags":[],"class_list":["post-2914","post","type-post","status-publish","format-standard","has-post-thumbnail","hentry","category-protagonistas"],"_links":{"self":[{"href":"https:\/\/primafrio.com\/60-aniversario\/wp-json\/wp\/v2\/posts\/2914","targetHints":{"allow":["GET"]}}],"collection":[{"href":"https:\/\/primafrio.com\/60-aniversario\/wp-json\/wp\/v2\/posts"}],"about":[{"href":"https:\/\/primafrio.com\/60-aniversario\/wp-json\/wp\/v2\/types\/post"}],"author":[{"embeddable":true,"href":"https:\/\/primafrio.com\/60-aniversario\/wp-json\/wp\/v2\/users\/1"}],"replies":[{"embeddable":true,"href":"https:\/\/primafrio.com\/60-aniversario\/wp-json\/wp\/v2\/comments?post=2914"}],"version-history":[{"count":2,"href":"https:\/\/primafrio.com\/60-aniversario\/wp-json\/wp\/v2\/posts\/2914\/revisions"}],"predecessor-version":[{"id":2917,"href":"https:\/\/primafrio.com\/60-aniversario\/wp-json\/wp\/v2\/posts\/2914\/revisions\/2917"}],"wp:featuredmedia":[{"embeddable":true,"href":"https:\/\/primafrio.com\/60-aniversario\/wp-json\/wp\/v2\/media\/2915"}],"wp:attachment":[{"href":"https:\/\/primafrio.com\/60-aniversario\/wp-json\/wp\/v2\/media?parent=2914"}],"wp:term":[{"taxonomy":"category","embeddable":true,"href":"https:\/\/primafrio.com\/60-aniversario\/wp-json\/wp\/v2\/categories?post=2914"},{"taxonomy":"post_tag","embeddable":true,"href":"https:\/\/primafrio.com\/60-aniversario\/wp-json\/wp\/v2\/tags?post=2914"}],"curies":[{"name":"wp","href":"https:\/\/api.w.org\/{rel}","templated":true}]}}