{"id":2911,"date":"2023-07-25T13:13:21","date_gmt":"2023-07-25T11:13:21","guid":{"rendered":"https:\/\/primafrio.com\/60-aniversario\/?p=2911"},"modified":"2024-01-03T09:24:52","modified_gmt":"2024-01-03T08:24:52","slug":"sara-ruiz","status":"publish","type":"post","link":"https:\/\/primafrio.com\/60-aniversario\/sara-ruiz\/","title":{"rendered":"Sara Ruiz"},"content":{"rendered":"<h2>\u00bfDesde cu\u00e1ndo y c\u00f3mo empezaste a formar parte de la empresa?<\/h2>\n<p>Llegu\u00e9 a Primafrio el 02 de abril de 2013 para hacer los 3 meses de pr\u00e1cticas del grado superior de Administraci\u00f3n y Finanzas en el departamento de viajes. Al acabarlas, me ofrecieron quedarme contratada en el departamento de Recursos Humanos y aqu\u00ed contin\u00fao desde entonces.<\/p>\n<h2>A t\u00fa parecer, \u00bfqu\u00e9 cualidades destacar\u00edas de la compa\u00f1\u00eda, y cu\u00e1les crees que son los valores que mejor nos definen? <\/h2>\n<p>Destacar\u00eda la calidad de servicio y el trato que se ofrece a nuestros clientes adem\u00e1s de la rapidez en la entrega de la mercanc\u00eda. Los valores que mejor nos definen son el trabajo duro y la profesionalidad de todos los que formamos parte de la compa\u00f1\u00eda.<\/p>\n<h2>Cu\u00e1l es nuestro punto fuerte? <\/h2>\n<p>Nuestro punto fuerte ser\u00eda el trabajo en equipo y el compromiso que tenemos con esta empresa para conseguir que sigamos siendo l\u00edderes del sector.<\/p>\n<h2>Despu\u00e9s de estos 60 a\u00f1os: \u00bfDe qu\u00e9 te sientes m\u00e1s orgulloso?<\/h2>\n<p>Lo que m\u00e1s me enorgullece es el aprendizaje y la experiencia que he obtenido desde que llegu\u00e9, y sobre todo, la familia que hemos formado dentro del departamento de Recursos Humanos.<\/p>\n<h2>\u00bfTienes alguna experiencia rese\u00f1able o alg\u00fan momento que guardes de manera especial en tu memoria?<\/h2>\n<p>En los 10 a\u00f1os que llevo aqu\u00ed he vivido tantos momentos que ser\u00eda imposible destacar uno pero siempre recuerdo mi primera cena de empresa y todas las comidas de departamento. Para mi lo m\u00e1s especial es que aqu\u00ed he encontrado personas con las que he creado una amistad en el terreno personal, y con las cuales contin\u00fao la relaci\u00f3n fuera del horario laboral.<\/p>\n","protected":false},"excerpt":{"rendered":"<p>\u00bfDesde cu\u00e1ndo y c\u00f3mo empezaste a formar parte de la empresa? Llegu\u00e9 a Primafrio el 02 de abril de 2013 para hacer los 3 meses de pr\u00e1cticas del grado superior de Administraci\u00f3n y Finanzas en el departamento de viajes. Al acabarlas, me ofrecieron quedarme contratada en el departamento de Recursos Humanos y aqu\u00ed contin\u00fao desde [&hellip;]<\/p>\n","protected":false},"author":1,"featured_media":2912,"comment_status":"open","ping_status":"open","sticky":false,"template":"","format":"standard","meta":{"footnotes":""},"categories":[13],"tags":[],"class_list":["post-2911","post","type-post","status-publish","format-standard","has-post-thumbnail","hentry","category-protagonistas"],"_links":{"self":[{"href":"https:\/\/primafrio.com\/60-aniversario\/wp-json\/wp\/v2\/posts\/2911","targetHints":{"allow":["GET"]}}],"collection":[{"href":"https:\/\/primafrio.com\/60-aniversario\/wp-json\/wp\/v2\/posts"}],"about":[{"href":"https:\/\/primafrio.com\/60-aniversario\/wp-json\/wp\/v2\/types\/post"}],"author":[{"embeddable":true,"href":"https:\/\/primafrio.com\/60-aniversario\/wp-json\/wp\/v2\/users\/1"}],"replies":[{"embeddable":true,"href":"https:\/\/primafrio.com\/60-aniversario\/wp-json\/wp\/v2\/comments?post=2911"}],"version-history":[{"count":1,"href":"https:\/\/primafrio.com\/60-aniversario\/wp-json\/wp\/v2\/posts\/2911\/revisions"}],"predecessor-version":[{"id":2913,"href":"https:\/\/primafrio.com\/60-aniversario\/wp-json\/wp\/v2\/posts\/2911\/revisions\/2913"}],"wp:featuredmedia":[{"embeddable":true,"href":"https:\/\/primafrio.com\/60-aniversario\/wp-json\/wp\/v2\/media\/2912"}],"wp:attachment":[{"href":"https:\/\/primafrio.com\/60-aniversario\/wp-json\/wp\/v2\/media?parent=2911"}],"wp:term":[{"taxonomy":"category","embeddable":true,"href":"https:\/\/primafrio.com\/60-aniversario\/wp-json\/wp\/v2\/categories?post=2911"},{"taxonomy":"post_tag","embeddable":true,"href":"https:\/\/primafrio.com\/60-aniversario\/wp-json\/wp\/v2\/tags?post=2911"}],"curies":[{"name":"wp","href":"https:\/\/api.w.org\/{rel}","templated":true}]}}