{"id":2405,"date":"2023-06-12T09:53:16","date_gmt":"2023-06-12T07:53:16","guid":{"rendered":"https:\/\/primafrio.com\/60-aniversario\/?p=2405"},"modified":"2023-12-20T10:00:02","modified_gmt":"2023-12-20T09:00:02","slug":"fidel-selfa","status":"publish","type":"post","link":"https:\/\/primafrio.com\/60-aniversario\/fidel-selfa\/","title":{"rendered":"Fidel Selfa"},"content":{"rendered":"<h2>\u00bfDesde cu\u00e1ndo y c\u00f3mo empezaste a formar parte de la empresa?<\/h2>\n<p>Comenc\u00e9 mi segunda etapa en la compa\u00f1\u00eda en octubre de 2019.<\/p>\n<h2>A t\u00fa parecer, \u00bfqu\u00e9 cualidades destacar\u00edas de la compa\u00f1\u00eda, y cu\u00e1les crees que son los valores que mejor nos definen? <\/h2>\n<p>Siendo la mejor empresa de Europa, los valores que nos definen mejor son la seriedad, el compromiso y sobre todo la profesionalidad.<\/p>\n<h2>\u00bfCu\u00e1l es nuestro punto fuerte? <\/h2>\n<p>El punto fuerte de la empresa es su CEO, ejemplo para todos los empleados y clientes.<\/p>\n<h2>Despu\u00e9s de estos 60 a\u00f1os: \u00bfde qu\u00e9 te sientes m\u00e1s orgulloso?<\/h2>\n<p>Despu\u00e9s de estos 60 a\u00f1os de trayectoria de la empresa, me siento muy orgulloso de poder trabajar en una gran empresa, con buenos compa\u00f1eros que son grandes profesionales, y facilitan y hacen f\u00e1cil mi gesti\u00f3n como comercial, as\u00ed como poder hablar con la Direcci\u00f3n, que no siempre es sencillo.<\/p>\n<h2>\u00bfTienes alguna experiencia rese\u00f1able o alg\u00fan momento que guardes de manera especial en tu memoria?<\/h2>\n<p>Recuerdo con mucho agrado como volv\u00ed a la empresa por segunda vez, tras una reuni\u00f3n con el CEO fruto de la casualidad. S\u00ed es cierto que siempre me dijo que ten\u00eda las puertas abiertas para volver a la familia, es decir, a Primafrio.<\/p>\n","protected":false},"excerpt":{"rendered":"<p>\u00bfDesde cu\u00e1ndo y c\u00f3mo empezaste a formar parte de la empresa? Comenc\u00e9 mi segunda etapa en la compa\u00f1\u00eda en octubre de 2019. A t\u00fa parecer, \u00bfqu\u00e9 cualidades destacar\u00edas de la compa\u00f1\u00eda, y cu\u00e1les crees que son los valores que mejor nos definen? Siendo la mejor empresa de Europa, los valores que nos definen mejor son [&hellip;]<\/p>\n","protected":false},"author":1,"featured_media":2406,"comment_status":"open","ping_status":"open","sticky":false,"template":"","format":"standard","meta":{"footnotes":""},"categories":[13],"tags":[],"class_list":["post-2405","post","type-post","status-publish","format-standard","has-post-thumbnail","hentry","category-protagonistas"],"_links":{"self":[{"href":"https:\/\/primafrio.com\/60-aniversario\/wp-json\/wp\/v2\/posts\/2405","targetHints":{"allow":["GET"]}}],"collection":[{"href":"https:\/\/primafrio.com\/60-aniversario\/wp-json\/wp\/v2\/posts"}],"about":[{"href":"https:\/\/primafrio.com\/60-aniversario\/wp-json\/wp\/v2\/types\/post"}],"author":[{"embeddable":true,"href":"https:\/\/primafrio.com\/60-aniversario\/wp-json\/wp\/v2\/users\/1"}],"replies":[{"embeddable":true,"href":"https:\/\/primafrio.com\/60-aniversario\/wp-json\/wp\/v2\/comments?post=2405"}],"version-history":[{"count":4,"href":"https:\/\/primafrio.com\/60-aniversario\/wp-json\/wp\/v2\/posts\/2405\/revisions"}],"predecessor-version":[{"id":2558,"href":"https:\/\/primafrio.com\/60-aniversario\/wp-json\/wp\/v2\/posts\/2405\/revisions\/2558"}],"wp:featuredmedia":[{"embeddable":true,"href":"https:\/\/primafrio.com\/60-aniversario\/wp-json\/wp\/v2\/media\/2406"}],"wp:attachment":[{"href":"https:\/\/primafrio.com\/60-aniversario\/wp-json\/wp\/v2\/media?parent=2405"}],"wp:term":[{"taxonomy":"category","embeddable":true,"href":"https:\/\/primafrio.com\/60-aniversario\/wp-json\/wp\/v2\/categories?post=2405"},{"taxonomy":"post_tag","embeddable":true,"href":"https:\/\/primafrio.com\/60-aniversario\/wp-json\/wp\/v2\/tags?post=2405"}],"curies":[{"name":"wp","href":"https:\/\/api.w.org\/{rel}","templated":true}]}}