{"id":2217,"date":"2023-07-05T11:58:48","date_gmt":"2023-07-05T09:58:48","guid":{"rendered":"https:\/\/primafrio.com\/60-aniversario\/?p=2217"},"modified":"2023-12-20T15:18:00","modified_gmt":"2023-12-20T14:18:00","slug":"belen-reyes","status":"publish","type":"post","link":"https:\/\/primafrio.com\/60-aniversario\/belen-reyes\/","title":{"rendered":"Bel\u00e9n Reyes"},"content":{"rendered":"<h2>\u00bfDesde cu\u00e1ndo y c\u00f3mo empezaste a formar parte de la empresa?<\/h2>\n<p>Empec\u00e9 a trabajar en abril del 2002 mediante una oferta de trabajo que pusieron en el peri\u00f3dico.<\/p>\n<h2>A t\u00fa parecer, \u00bfqu\u00e9 cualidades destacar\u00edas de la compa\u00f1\u00eda, y cu\u00e1les crees que son los valores que mejor nos definen?<\/h2>\n<p>Destacar\u00eda la puntualidad que tienen nuestros camiones para la entrega de las mercanc\u00edas y nuestros valores son el trabajo y la comunicaci\u00f3n que hay entre todos los departamentos y ch\u00f3feres para que eso se lleve a cabo.<\/p>\n<h2>\u00bfCu\u00e1l es nuestro punto fuerte?<\/h2>\n<p>Nuestro punto fuerte es el trabajo en equipo que tiene esta empresa. Sin \u00e9l no ser\u00edamos la empresa l\u00edder en el sector.<\/p>\n<h2>Despu\u00e9s de estos 60 a\u00f1os: \u00bfde qu\u00e9 te sientes m\u00e1s orgulloso?<\/h2>\n<p>Me siento muy orgullosa de estar trabajando en el departamento de RR.HH. Ya que en todos los a\u00f1os que llevo aqu\u00ed han pasado muchas personas (tanto en las oficinas de Espa\u00f1a como en Portugal) y todos han sido y son como mi segunda familia.<\/p>\n<h2>\u00bfTienes alguna experiencia rese\u00f1able o alg\u00fan momento que guardes de manera especial en tu memoria?<\/h2>\n<p>En los a\u00f1os que llevo aqu\u00ed hay muchos momentos que guardo de manera especial tanto con los compa\u00f1eros de mi departamento como con los ch\u00f3feres.<\/p>\n","protected":false},"excerpt":{"rendered":"<p>\u00bfDesde cu\u00e1ndo y c\u00f3mo empezaste a formar parte de la empresa? Empec\u00e9 a trabajar en abril del 2002 mediante una oferta de trabajo que pusieron en el peri\u00f3dico. A t\u00fa parecer, \u00bfqu\u00e9 cualidades destacar\u00edas de la compa\u00f1\u00eda, y cu\u00e1les crees que son los valores que mejor nos definen? Destacar\u00eda la puntualidad que tienen nuestros camiones [&hellip;]<\/p>\n","protected":false},"author":1,"featured_media":2324,"comment_status":"open","ping_status":"open","sticky":false,"template":"","format":"standard","meta":{"footnotes":""},"categories":[13],"tags":[],"class_list":["post-2217","post","type-post","status-publish","format-standard","has-post-thumbnail","hentry","category-protagonistas"],"_links":{"self":[{"href":"https:\/\/primafrio.com\/60-aniversario\/wp-json\/wp\/v2\/posts\/2217","targetHints":{"allow":["GET"]}}],"collection":[{"href":"https:\/\/primafrio.com\/60-aniversario\/wp-json\/wp\/v2\/posts"}],"about":[{"href":"https:\/\/primafrio.com\/60-aniversario\/wp-json\/wp\/v2\/types\/post"}],"author":[{"embeddable":true,"href":"https:\/\/primafrio.com\/60-aniversario\/wp-json\/wp\/v2\/users\/1"}],"replies":[{"embeddable":true,"href":"https:\/\/primafrio.com\/60-aniversario\/wp-json\/wp\/v2\/comments?post=2217"}],"version-history":[{"count":4,"href":"https:\/\/primafrio.com\/60-aniversario\/wp-json\/wp\/v2\/posts\/2217\/revisions"}],"predecessor-version":[{"id":2575,"href":"https:\/\/primafrio.com\/60-aniversario\/wp-json\/wp\/v2\/posts\/2217\/revisions\/2575"}],"wp:featuredmedia":[{"embeddable":true,"href":"https:\/\/primafrio.com\/60-aniversario\/wp-json\/wp\/v2\/media\/2324"}],"wp:attachment":[{"href":"https:\/\/primafrio.com\/60-aniversario\/wp-json\/wp\/v2\/media?parent=2217"}],"wp:term":[{"taxonomy":"category","embeddable":true,"href":"https:\/\/primafrio.com\/60-aniversario\/wp-json\/wp\/v2\/categories?post=2217"},{"taxonomy":"post_tag","embeddable":true,"href":"https:\/\/primafrio.com\/60-aniversario\/wp-json\/wp\/v2\/tags?post=2217"}],"curies":[{"name":"wp","href":"https:\/\/api.w.org\/{rel}","templated":true}]}}