{"id":2204,"date":"2023-07-08T18:56:36","date_gmt":"2023-07-08T16:56:36","guid":{"rendered":"https:\/\/primafrio.com\/60-aniversario\/?p=2204"},"modified":"2024-01-04T11:20:18","modified_gmt":"2024-01-04T10:20:18","slug":"rafael-campillo","status":"publish","type":"post","link":"https:\/\/primafrio.com\/60-aniversario\/rafael-campillo\/","title":{"rendered":"Rafael Campillo"},"content":{"rendered":"<h2>\u00bfDesde cu\u00e1ndo y c\u00f3mo empezaste a formar parte de la empresa?<\/h2>\n<p>Hace ya unos 10 a\u00f1os cuando un familiar me ofreci\u00f3 formar parte de este gran proyecto.<\/p>\n<h2>A t\u00fa parecer, \u00bfqu\u00e9 cualidades destacar\u00edas de la compa\u00f1\u00eda, y cu\u00e1les crees que son los valores que mejor nos definen? <\/h2>\n<p>Lo que m\u00e1s me gusta de Primafrio, es la cercan\u00eda y el ambiente de trabajo. A pesar de ser una gran empresa que cuenta con miles de empleados, las relaciones con los compa\u00f1eros son muy cercanas.<\/p>\n<h2>\u00bfCu\u00e1l es nuestro punto fuerte? <\/h2>\n<p>La capacidad de reacci\u00f3n ante cualquier imprevisto que pueda surgir para poder cumplir a tiempo con el compromiso de nuestros clientes.<\/p>\n<h2>Despu\u00e9s de estos 60 a\u00f1os: \u00bfde qu\u00e9 te sientes m\u00e1s orgulloso?<\/h2>\n<p>Sin duda, el crecimiento de la compa\u00f1\u00eda. No hemos parado hasta convertirnos en l\u00edderes del sector tanto a nivel nacional como internacional, como dir\u00eda mi jefe \u201csomos los n\u00fameros uno\u201d.<br \/>\nOtro aspecto a destacar es su grupo humano que considero como una gran familia.<\/p>\n<h2>\u00bfTienes alguna experiencia rese\u00f1able o alg\u00fan momento que guardes de manera especial en tu memoria?<\/h2>\n<p>Recuerdo mi primer d\u00eda de trabajo en la compa\u00f1\u00eda y como me sent\u00ed en aquella peque\u00f1a oficina de Molina, me impact\u00f3 todo ese ajetreo y ese ritmo fren\u00e9tico de llamadas, y me gust\u00f3. Ahora cuando llegan visitas a nuestra enorme sala de tr\u00e1fico, veo reflejado en sus caras aquella sensaci\u00f3n\u2026<\/p>\n","protected":false},"excerpt":{"rendered":"<p>\u00bfDesde cu\u00e1ndo y c\u00f3mo empezaste a formar parte de la empresa? Hace ya unos 10 a\u00f1os cuando un familiar me ofreci\u00f3 formar parte de este gran proyecto. A t\u00fa parecer, \u00bfqu\u00e9 cualidades destacar\u00edas de la compa\u00f1\u00eda, y cu\u00e1les crees que son los valores que mejor nos definen? Lo que m\u00e1s me gusta de Primafrio, es [&hellip;]<\/p>\n","protected":false},"author":1,"featured_media":2922,"comment_status":"open","ping_status":"open","sticky":false,"template":"","format":"standard","meta":{"footnotes":""},"categories":[13],"tags":[],"class_list":["post-2204","post","type-post","status-publish","format-standard","has-post-thumbnail","hentry","category-protagonistas"],"_links":{"self":[{"href":"https:\/\/primafrio.com\/60-aniversario\/wp-json\/wp\/v2\/posts\/2204","targetHints":{"allow":["GET"]}}],"collection":[{"href":"https:\/\/primafrio.com\/60-aniversario\/wp-json\/wp\/v2\/posts"}],"about":[{"href":"https:\/\/primafrio.com\/60-aniversario\/wp-json\/wp\/v2\/types\/post"}],"author":[{"embeddable":true,"href":"https:\/\/primafrio.com\/60-aniversario\/wp-json\/wp\/v2\/users\/1"}],"replies":[{"embeddable":true,"href":"https:\/\/primafrio.com\/60-aniversario\/wp-json\/wp\/v2\/comments?post=2204"}],"version-history":[{"count":3,"href":"https:\/\/primafrio.com\/60-aniversario\/wp-json\/wp\/v2\/posts\/2204\/revisions"}],"predecessor-version":[{"id":2576,"href":"https:\/\/primafrio.com\/60-aniversario\/wp-json\/wp\/v2\/posts\/2204\/revisions\/2576"}],"wp:featuredmedia":[{"embeddable":true,"href":"https:\/\/primafrio.com\/60-aniversario\/wp-json\/wp\/v2\/media\/2922"}],"wp:attachment":[{"href":"https:\/\/primafrio.com\/60-aniversario\/wp-json\/wp\/v2\/media?parent=2204"}],"wp:term":[{"taxonomy":"category","embeddable":true,"href":"https:\/\/primafrio.com\/60-aniversario\/wp-json\/wp\/v2\/categories?post=2204"},{"taxonomy":"post_tag","embeddable":true,"href":"https:\/\/primafrio.com\/60-aniversario\/wp-json\/wp\/v2\/tags?post=2204"}],"curies":[{"name":"wp","href":"https:\/\/api.w.org\/{rel}","templated":true}]}}