{"id":2201,"date":"2023-06-26T18:54:08","date_gmt":"2023-06-26T16:54:08","guid":{"rendered":"https:\/\/primafrio.com\/60-aniversario\/?p=2201"},"modified":"2023-12-20T13:11:37","modified_gmt":"2023-12-20T12:11:37","slug":"alvaro-fernandez","status":"publish","type":"post","link":"https:\/\/primafrio.com\/60-aniversario\/alvaro-fernandez\/","title":{"rendered":"\u00c1lvaro Fern\u00e1ndez"},"content":{"rendered":"<h2>\u00bfDesde cu\u00e1ndo y c\u00f3mo empezaste a formar parte de la empresa?<\/h2>\n<p>Empec\u00e9 a trabajar en Primafrio en enero del a\u00f1o 2016. He estado siempre en el mismo departamento de la empresa. En Salidas-Cargas.<\/p>\n<h2>A t\u00fa parecer, \u00bfqu\u00e9 cualidades destacar\u00edas de la compa\u00f1\u00eda, y cu\u00e1les crees que son los valores que mejor nos definen? <\/h2>\n<p>Honestidad, calidad, competitividad, trabajo en equipo y orientaci\u00f3n al cliente.<\/p>\n<h2>\u00bfCu\u00e1l es nuestro punto fuerte? <\/h2>\n<p>Aportamos un valor inequ\u00edvocamente diferencial a los servicios que ofrecemos, buscando siempre la excelencia en el resultado del trabajo diario.<\/p>\n<h2>Despu\u00e9s de estos 60 a\u00f1os: \u00bfde qu\u00e9 te sientes m\u00e1s orgulloso?<\/h2>\n<p>Del crecimiento exponencial de la compa\u00f1\u00eda, de los conocimientos adquiridos y del grupo humano con el que trabajo diariamente.<\/p>\n<h2>\u00bfTienes alguna experiencia rese\u00f1able o alg\u00fan momento que guardes de manera especial en tu memoria?<\/h2>\n<p>Recuerdo con mucho cari\u00f1o que, estando trabajando a\u00fan en la Base de Molina de Segura, decidimos los compa\u00f1eros del Departamento de Salidas Cargas realizar una comida de hermandad trayendo cada uno comida de su casa, por lo que organizamos un picnic en el descanso que ten\u00edamos para comer, y nos fuimos al lado de la campa cerca del cementerio de El Llano, y all\u00ed colocamos sillas y alguna mesa y pasamos un rato muy agradable entre risas y charlas varias.<\/p>\n","protected":false},"excerpt":{"rendered":"<p>\u00bfDesde cu\u00e1ndo y c\u00f3mo empezaste a formar parte de la empresa? Empec\u00e9 a trabajar en Primafrio en enero del a\u00f1o 2016. He estado siempre en el mismo departamento de la empresa. En Salidas-Cargas. A t\u00fa parecer, \u00bfqu\u00e9 cualidades destacar\u00edas de la compa\u00f1\u00eda, y cu\u00e1les crees que son los valores que mejor nos definen? Honestidad, calidad, [&hellip;]<\/p>\n","protected":false},"author":1,"featured_media":2326,"comment_status":"open","ping_status":"open","sticky":false,"template":"","format":"standard","meta":{"footnotes":""},"categories":[13],"tags":[],"class_list":["post-2201","post","type-post","status-publish","format-standard","has-post-thumbnail","hentry","category-protagonistas"],"_links":{"self":[{"href":"https:\/\/primafrio.com\/60-aniversario\/wp-json\/wp\/v2\/posts\/2201","targetHints":{"allow":["GET"]}}],"collection":[{"href":"https:\/\/primafrio.com\/60-aniversario\/wp-json\/wp\/v2\/posts"}],"about":[{"href":"https:\/\/primafrio.com\/60-aniversario\/wp-json\/wp\/v2\/types\/post"}],"author":[{"embeddable":true,"href":"https:\/\/primafrio.com\/60-aniversario\/wp-json\/wp\/v2\/users\/1"}],"replies":[{"embeddable":true,"href":"https:\/\/primafrio.com\/60-aniversario\/wp-json\/wp\/v2\/comments?post=2201"}],"version-history":[{"count":6,"href":"https:\/\/primafrio.com\/60-aniversario\/wp-json\/wp\/v2\/posts\/2201\/revisions"}],"predecessor-version":[{"id":2563,"href":"https:\/\/primafrio.com\/60-aniversario\/wp-json\/wp\/v2\/posts\/2201\/revisions\/2563"}],"wp:featuredmedia":[{"embeddable":true,"href":"https:\/\/primafrio.com\/60-aniversario\/wp-json\/wp\/v2\/media\/2326"}],"wp:attachment":[{"href":"https:\/\/primafrio.com\/60-aniversario\/wp-json\/wp\/v2\/media?parent=2201"}],"wp:term":[{"taxonomy":"category","embeddable":true,"href":"https:\/\/primafrio.com\/60-aniversario\/wp-json\/wp\/v2\/categories?post=2201"},{"taxonomy":"post_tag","embeddable":true,"href":"https:\/\/primafrio.com\/60-aniversario\/wp-json\/wp\/v2\/tags?post=2201"}],"curies":[{"name":"wp","href":"https:\/\/api.w.org\/{rel}","templated":true}]}}