{"id":2198,"date":"2023-07-19T18:51:54","date_gmt":"2023-07-19T16:51:54","guid":{"rendered":"https:\/\/primafrio.com\/60-aniversario\/?p=2198"},"modified":"2024-01-03T16:19:46","modified_gmt":"2024-01-03T15:19:46","slug":"pascual-lucas-2","status":"publish","type":"post","link":"https:\/\/primafrio.com\/60-aniversario\/pascual-lucas-2\/","title":{"rendered":"Pascual Lucas"},"content":{"rendered":"<h2>\u00bfDesde cu\u00e1ndo y c\u00f3mo empezaste a formar parte de la empresa?<\/h2>\n<p>Comenc\u00e9 en Abril del 2014 y empec\u00e9 en el departamento de salidas cargas, el mismo al que sigo perteneciendo.<\/p>\n<h2>A t\u00fa parecer, \u00bfqu\u00e9 cualidades destacar\u00edas de la compa\u00f1\u00eda, y cu\u00e1les crees que son los valores que mejor nos definen? <\/h2>\n<p>Quiz\u00e1s destacar\u00eda la exigencia que nos imponemos para conseguir el mejor servicio para todos los clientes, teniendo muy en cuenta la puntualidad en las llegadas y conseguir que sus productos no pierdan calidad durante el transporte y puedan ser presentados en sus tiendas en las mejores condiciones.<\/p>\n<h2>\u00bfCu\u00e1l es nuestro punto fuerte? <\/h2>\n<p>Dir\u00eda que por la dimensi\u00f3n que ha conseguido la empresa, el punto fuerte que destacar\u00eda de los muchos que se podr\u00edan decir, seria la capacidad para resolver cualquier tipo de improviso en el transcurso del transporte para conseguir cumplir con los clientes.<\/p>\n<h2>Despu\u00e9s de estos 60 a\u00f1os: \u00bfde qu\u00e9 te sientes m\u00e1s orgulloso?<\/h2>\n<p>Para mi es un orgullo haber tenido la oportunidad de formarme en la que considero la mejor empresa de transporte, la cual despu\u00e9s de 60 a\u00f1os sigue en una constante evoluci\u00f3n ampliando sus mercados y actualiz\u00e1ndose para dar el mejor de los servicios.<\/p>\n<h2>\u00bfTienes alguna experiencia rese\u00f1able o alg\u00fan momento que guardes de manera especial en tu memoria?<\/h2>\n<p>Yo soy de Cieza y cuando empec\u00e9 a trabajar en Primafrio las oficinas estaban en Molina de Segura, como estaba c\u00f3modo en el trabajo decid\u00ed trasladarme a vivir a la misma ciudad para m\u00e1s comodidad. Nunca olvidar\u00e9 el primer s\u00e1bado que me tocaba trabajar viviendo en Molina.<br \/>\nCuando estaba preparado para ir al trabajo y me dirijo a coger el coche, cual fue mi sorpresa que en vez del coche me encontr\u00e9 un puesto de tomates del mercado, el coche se lo hab\u00eda llevado la gr\u00faa, por lo que tuve que avisar r\u00e1pido de que llegar\u00eda algo m\u00e1s tarde.<\/p>\n","protected":false},"excerpt":{"rendered":"<p>\u00bfDesde cu\u00e1ndo y c\u00f3mo empezaste a formar parte de la empresa? Comenc\u00e9 en Abril del 2014 y empec\u00e9 en el departamento de salidas cargas, el mismo al que sigo perteneciendo. A t\u00fa parecer, \u00bfqu\u00e9 cualidades destacar\u00edas de la compa\u00f1\u00eda, y cu\u00e1les crees que son los valores que mejor nos definen? Quiz\u00e1s destacar\u00eda la exigencia que [&hellip;]<\/p>\n","protected":false},"author":1,"featured_media":2327,"comment_status":"open","ping_status":"open","sticky":false,"template":"","format":"standard","meta":{"footnotes":""},"categories":[13],"tags":[],"class_list":["post-2198","post","type-post","status-publish","format-standard","has-post-thumbnail","hentry","category-protagonistas"],"_links":{"self":[{"href":"https:\/\/primafrio.com\/60-aniversario\/wp-json\/wp\/v2\/posts\/2198","targetHints":{"allow":["GET"]}}],"collection":[{"href":"https:\/\/primafrio.com\/60-aniversario\/wp-json\/wp\/v2\/posts"}],"about":[{"href":"https:\/\/primafrio.com\/60-aniversario\/wp-json\/wp\/v2\/types\/post"}],"author":[{"embeddable":true,"href":"https:\/\/primafrio.com\/60-aniversario\/wp-json\/wp\/v2\/users\/1"}],"replies":[{"embeddable":true,"href":"https:\/\/primafrio.com\/60-aniversario\/wp-json\/wp\/v2\/comments?post=2198"}],"version-history":[{"count":5,"href":"https:\/\/primafrio.com\/60-aniversario\/wp-json\/wp\/v2\/posts\/2198\/revisions"}],"predecessor-version":[{"id":2937,"href":"https:\/\/primafrio.com\/60-aniversario\/wp-json\/wp\/v2\/posts\/2198\/revisions\/2937"}],"wp:featuredmedia":[{"embeddable":true,"href":"https:\/\/primafrio.com\/60-aniversario\/wp-json\/wp\/v2\/media\/2327"}],"wp:attachment":[{"href":"https:\/\/primafrio.com\/60-aniversario\/wp-json\/wp\/v2\/media?parent=2198"}],"wp:term":[{"taxonomy":"category","embeddable":true,"href":"https:\/\/primafrio.com\/60-aniversario\/wp-json\/wp\/v2\/categories?post=2198"},{"taxonomy":"post_tag","embeddable":true,"href":"https:\/\/primafrio.com\/60-aniversario\/wp-json\/wp\/v2\/tags?post=2198"}],"curies":[{"name":"wp","href":"https:\/\/api.w.org\/{rel}","templated":true}]}}