{"id":2195,"date":"2023-07-27T18:48:15","date_gmt":"2023-07-27T16:48:15","guid":{"rendered":"https:\/\/primafrio.com\/60-aniversario\/?p=2195"},"modified":"2023-12-21T10:17:54","modified_gmt":"2023-12-21T09:17:54","slug":"pablo-somoza","status":"publish","type":"post","link":"https:\/\/primafrio.com\/60-aniversario\/pablo-somoza\/","title":{"rendered":"Pablo Somoza"},"content":{"rendered":"<h2>\u00bfDesde cu\u00e1ndo y c\u00f3mo empezaste a formar parte de la empresa?<\/h2>\n<p>Empec\u00e9 a formar parte de Primafrio el 18 de marzo del 2018, lo recuerdo como si fuese ayer. Ven\u00eda de trabajar en el extranjero y me decant\u00e9 por dar un cambio a mi vida, m\u00e1s cerca de casa y empec\u00e9 en el sector del transporte. Fue una decisi\u00f3n de la cual no me arrepiento en absoluto ya que en estos 5 a\u00f1os he aprendido mucho personal y profesionalmente.<\/p>\n<h2>A t\u00fa parecer, \u00bfqu\u00e9 cualidades destacar\u00edas de la compa\u00f1\u00eda, y cu\u00e1les crees que son los valores que mejor nos definen? <\/h2>\n<p>Creo que el compa\u00f1erismo y la unidad son los valores m\u00e1s importantes en Primafrio. En una empresa que a pesar de crecer tanto en muy pocos a\u00f1os sigue manteniendo un trato cercano con cada uno de nosotros y eso se agradece.<\/p>\n<h2>\u00bfCu\u00e1l es nuestro punto fuerte? <\/h2>\n<p>Para m\u00ed el punto fuerte de la empresa es la capacidad de adaptaci\u00f3n, el entusiasmo y las ganas que se ponen a cada situaci\u00f3n o nuevo proyecto, creo que es lo que nos ha llevado hasta aqu\u00ed y los que nos llevar\u00e1 a\u00fan m\u00e1s lejos.<\/p>\n<h2>Despu\u00e9s de estos 60 a\u00f1os: \u00bfde qu\u00e9 te sientes m\u00e1s orgulloso?<\/h2>\n<p>Lo que m\u00e1s me enorgullece es poder formar parte de este gran equipo y poder aportar mi granito de arena para poder celebrar muchos m\u00e1s a\u00f1os juntos.<\/p>\n<h2>\u00bfTienes alguna experiencia rese\u00f1able o alg\u00fan momento que guardes de manera especial en tu memoria?<\/h2>\n<p>Me cuesta elegir un \u00fanico momento o an\u00e9cdota, prefiero quedarme con todos los momentos que he pasado junto a las personas que he conocido, en especial en mi departamento. Sin ellos mi experiencia en Primafrio no hubiese sido la misma.<\/p>\n","protected":false},"excerpt":{"rendered":"<p>\u00bfDesde cu\u00e1ndo y c\u00f3mo empezaste a formar parte de la empresa? Empec\u00e9 a formar parte de Primafrio el 18 de marzo del 2018, lo recuerdo como si fuese ayer. Ven\u00eda de trabajar en el extranjero y me decant\u00e9 por dar un cambio a mi vida, m\u00e1s cerca de casa y empec\u00e9 en el sector del [&hellip;]<\/p>\n","protected":false},"author":1,"featured_media":2328,"comment_status":"open","ping_status":"open","sticky":false,"template":"","format":"standard","meta":{"footnotes":""},"categories":[13],"tags":[],"class_list":["post-2195","post","type-post","status-publish","format-standard","has-post-thumbnail","hentry","category-protagonistas"],"_links":{"self":[{"href":"https:\/\/primafrio.com\/60-aniversario\/wp-json\/wp\/v2\/posts\/2195","targetHints":{"allow":["GET"]}}],"collection":[{"href":"https:\/\/primafrio.com\/60-aniversario\/wp-json\/wp\/v2\/posts"}],"about":[{"href":"https:\/\/primafrio.com\/60-aniversario\/wp-json\/wp\/v2\/types\/post"}],"author":[{"embeddable":true,"href":"https:\/\/primafrio.com\/60-aniversario\/wp-json\/wp\/v2\/users\/1"}],"replies":[{"embeddable":true,"href":"https:\/\/primafrio.com\/60-aniversario\/wp-json\/wp\/v2\/comments?post=2195"}],"version-history":[{"count":3,"href":"https:\/\/primafrio.com\/60-aniversario\/wp-json\/wp\/v2\/posts\/2195\/revisions"}],"predecessor-version":[{"id":2589,"href":"https:\/\/primafrio.com\/60-aniversario\/wp-json\/wp\/v2\/posts\/2195\/revisions\/2589"}],"wp:featuredmedia":[{"embeddable":true,"href":"https:\/\/primafrio.com\/60-aniversario\/wp-json\/wp\/v2\/media\/2328"}],"wp:attachment":[{"href":"https:\/\/primafrio.com\/60-aniversario\/wp-json\/wp\/v2\/media?parent=2195"}],"wp:term":[{"taxonomy":"category","embeddable":true,"href":"https:\/\/primafrio.com\/60-aniversario\/wp-json\/wp\/v2\/categories?post=2195"},{"taxonomy":"post_tag","embeddable":true,"href":"https:\/\/primafrio.com\/60-aniversario\/wp-json\/wp\/v2\/tags?post=2195"}],"curies":[{"name":"wp","href":"https:\/\/api.w.org\/{rel}","templated":true}]}}