{"id":2192,"date":"2023-07-21T18:46:35","date_gmt":"2023-07-21T16:46:35","guid":{"rendered":"https:\/\/primafrio.com\/60-aniversario\/?p=2192"},"modified":"2023-12-20T18:47:51","modified_gmt":"2023-12-20T17:47:51","slug":"salvador-hernandez","status":"publish","type":"post","link":"https:\/\/primafrio.com\/60-aniversario\/salvador-hernandez\/","title":{"rendered":"Salvador Hern\u00e1ndez"},"content":{"rendered":"<h2>\u00bfDesde cu\u00e1ndo y c\u00f3mo empezaste a formar parte de la empresa?<\/h2>\n<p>Empec\u00e9 a trabajar en Primafrio el 26\/12\/12 y fue a trav\u00e9s de un contrato de pr\u00e1cticas del SEF.<\/p>\n<h2>A t\u00fa parecer, \u00bfqu\u00e9 cualidades destacar\u00edas de la compa\u00f1\u00eda, y cuales crees que son los valores que mejor nos definen? <\/h2>\n<p>Los valores que definen a Primafrio son: el apoyo a los trabajadores tanto laboralmente como profesionalmente, ayuda para la realizaci\u00f3n del trabajo d\u00eda a d\u00eda, seriedad y apoyo ante nuevos retos.<\/p>\n<h2>\u00bfCu\u00e1l es nuestro punto fuerte? <\/h2>\n<p>Yo pienso que el punto fuerte de Primafrio es la dedicaci\u00f3n y el compromiso.<\/p>\n<h2>Despu\u00e9s de estos 60 a\u00f1os: \u00bfde qu\u00e9 te sientes m\u00e1s orgulloso?<\/h2>\n<p>Me siento orgulloso de lo que ha crecido Primafrio d\u00eda a d\u00eda, y de que se haya convertido en una de las empresas m\u00e1s importantes del pa\u00eds.<\/p>\n<h2>\u00bfTienes alguna experiencia rese\u00f1able o alg\u00fan momento que guardes de manera especial en tu memoria?<\/h2>\n<p>Primafrio me ha ayudado mucho en lo profesional y en lo personal y gracias a todos los eventos que organiza y al apoyo al deporte, he podido disfrutar del ciclismo, baloncesto, f\u00fatbol, momentos todos que recuerdo con mucho cari\u00f1o.<\/p>\n","protected":false},"excerpt":{"rendered":"<p>\u00bfDesde cu\u00e1ndo y c\u00f3mo empezaste a formar parte de la empresa? Empec\u00e9 a trabajar en Primafrio el 26\/12\/12 y fue a trav\u00e9s de un contrato de pr\u00e1cticas del SEF. A t\u00fa parecer, \u00bfqu\u00e9 cualidades destacar\u00edas de la compa\u00f1\u00eda, y cuales crees que son los valores que mejor nos definen? Los valores que definen a Primafrio [&hellip;]<\/p>\n","protected":false},"author":1,"featured_media":2329,"comment_status":"open","ping_status":"open","sticky":false,"template":"","format":"standard","meta":{"footnotes":""},"categories":[13],"tags":[],"class_list":["post-2192","post","type-post","status-publish","format-standard","has-post-thumbnail","hentry","category-protagonistas"],"_links":{"self":[{"href":"https:\/\/primafrio.com\/60-aniversario\/wp-json\/wp\/v2\/posts\/2192","targetHints":{"allow":["GET"]}}],"collection":[{"href":"https:\/\/primafrio.com\/60-aniversario\/wp-json\/wp\/v2\/posts"}],"about":[{"href":"https:\/\/primafrio.com\/60-aniversario\/wp-json\/wp\/v2\/types\/post"}],"author":[{"embeddable":true,"href":"https:\/\/primafrio.com\/60-aniversario\/wp-json\/wp\/v2\/users\/1"}],"replies":[{"embeddable":true,"href":"https:\/\/primafrio.com\/60-aniversario\/wp-json\/wp\/v2\/comments?post=2192"}],"version-history":[{"count":3,"href":"https:\/\/primafrio.com\/60-aniversario\/wp-json\/wp\/v2\/posts\/2192\/revisions"}],"predecessor-version":[{"id":2587,"href":"https:\/\/primafrio.com\/60-aniversario\/wp-json\/wp\/v2\/posts\/2192\/revisions\/2587"}],"wp:featuredmedia":[{"embeddable":true,"href":"https:\/\/primafrio.com\/60-aniversario\/wp-json\/wp\/v2\/media\/2329"}],"wp:attachment":[{"href":"https:\/\/primafrio.com\/60-aniversario\/wp-json\/wp\/v2\/media?parent=2192"}],"wp:term":[{"taxonomy":"category","embeddable":true,"href":"https:\/\/primafrio.com\/60-aniversario\/wp-json\/wp\/v2\/categories?post=2192"},{"taxonomy":"post_tag","embeddable":true,"href":"https:\/\/primafrio.com\/60-aniversario\/wp-json\/wp\/v2\/tags?post=2192"}],"curies":[{"name":"wp","href":"https:\/\/api.w.org\/{rel}","templated":true}]}}