{"id":2189,"date":"2023-06-20T18:44:50","date_gmt":"2023-06-20T16:44:50","guid":{"rendered":"https:\/\/primafrio.com\/60-aniversario\/?p=2189"},"modified":"2023-12-28T12:27:01","modified_gmt":"2023-12-28T11:27:01","slug":"crin-ionita","status":"publish","type":"post","link":"https:\/\/primafrio.com\/60-aniversario\/crin-ionita\/","title":{"rendered":"Crin Ionita"},"content":{"rendered":"<h2>\u00bfDesde cu\u00e1ndo y c\u00f3mo empezaste a formar parte de la empresa?<\/h2>\n<p>Empec\u00e9 hace m\u00e1s de 9 a\u00f1os, en el departamento de Seguimiento Salidas, a petici\u00f3n propia.<\/p>\n<h2>A t\u00fa parecer, \u00bfqu\u00e9 cualidades destacar\u00edas de la compa\u00f1\u00eda, y cu\u00e1les crees que son los valores que mejor nos definen? <\/h2>\n<p>El trato con los empleados, los clientes y terceros me parece una cualidad a remarcar. Trabajo duro, serio y cumplir con lo propuesto creo que son los valores que nos definen.<\/p>\n<h2>\u00bfCu\u00e1l es nuestro punto fuerte? <\/h2>\n<p>La gente de Primafrio. Y digo gente, no empleados, no personas. La gente. Trabajando como lo hacemos nos hacemos m\u00e1s fuertes que la competencia, en cualquier campo.<\/p>\n<h2>Despu\u00e9s de estos 60 a\u00f1os: \u00bfde qu\u00e9 te sientes m\u00e1s orgulloso?<\/h2>\n<p>De ser parte de esta empresa y de poder seguir aportando mi experiencia y fuerza de trabajo a la compa\u00f1\u00eda.<\/p>\n<h2>\u00bfTienes alguna experiencia rese\u00f1able o alg\u00fan momento que guardes de manera especial en tu memoria?<\/h2>\n<p>Tengo muchas, pero en concreto creo que un momento especial que recordar\u00e9 es el d\u00eda que cambiamos de la base de Molina a la base actual de Alhama. Instalaciones modernas con gimnasio, comedor muy amplio, en fin, \u00a1mucho mejor!<\/p>\n","protected":false},"excerpt":{"rendered":"<p>\u00bfDesde cu\u00e1ndo y c\u00f3mo empezaste a formar parte de la empresa? Empec\u00e9 hace m\u00e1s de 9 a\u00f1os, en el departamento de Seguimiento Salidas, a petici\u00f3n propia. A t\u00fa parecer, \u00bfqu\u00e9 cualidades destacar\u00edas de la compa\u00f1\u00eda, y cu\u00e1les crees que son los valores que mejor nos definen? El trato con los empleados, los clientes y terceros [&hellip;]<\/p>\n","protected":false},"author":1,"featured_media":2330,"comment_status":"open","ping_status":"open","sticky":false,"template":"","format":"standard","meta":{"footnotes":""},"categories":[13],"tags":[],"class_list":["post-2189","post","type-post","status-publish","format-standard","has-post-thumbnail","hentry","category-protagonistas"],"_links":{"self":[{"href":"https:\/\/primafrio.com\/60-aniversario\/wp-json\/wp\/v2\/posts\/2189","targetHints":{"allow":["GET"]}}],"collection":[{"href":"https:\/\/primafrio.com\/60-aniversario\/wp-json\/wp\/v2\/posts"}],"about":[{"href":"https:\/\/primafrio.com\/60-aniversario\/wp-json\/wp\/v2\/types\/post"}],"author":[{"embeddable":true,"href":"https:\/\/primafrio.com\/60-aniversario\/wp-json\/wp\/v2\/users\/1"}],"replies":[{"embeddable":true,"href":"https:\/\/primafrio.com\/60-aniversario\/wp-json\/wp\/v2\/comments?post=2189"}],"version-history":[{"count":5,"href":"https:\/\/primafrio.com\/60-aniversario\/wp-json\/wp\/v2\/posts\/2189\/revisions"}],"predecessor-version":[{"id":2803,"href":"https:\/\/primafrio.com\/60-aniversario\/wp-json\/wp\/v2\/posts\/2189\/revisions\/2803"}],"wp:featuredmedia":[{"embeddable":true,"href":"https:\/\/primafrio.com\/60-aniversario\/wp-json\/wp\/v2\/media\/2330"}],"wp:attachment":[{"href":"https:\/\/primafrio.com\/60-aniversario\/wp-json\/wp\/v2\/media?parent=2189"}],"wp:term":[{"taxonomy":"category","embeddable":true,"href":"https:\/\/primafrio.com\/60-aniversario\/wp-json\/wp\/v2\/categories?post=2189"},{"taxonomy":"post_tag","embeddable":true,"href":"https:\/\/primafrio.com\/60-aniversario\/wp-json\/wp\/v2\/tags?post=2189"}],"curies":[{"name":"wp","href":"https:\/\/api.w.org\/{rel}","templated":true}]}}