{"id":2186,"date":"2023-07-20T18:42:51","date_gmt":"2023-07-20T16:42:51","guid":{"rendered":"https:\/\/primafrio.com\/60-aniversario\/?p=2186"},"modified":"2023-12-20T18:44:13","modified_gmt":"2023-12-20T17:44:13","slug":"maria-kozmova","status":"publish","type":"post","link":"https:\/\/primafrio.com\/60-aniversario\/maria-kozmova\/","title":{"rendered":"Mar\u00eda Kozmova"},"content":{"rendered":"<h2>\u00bfDesde cu\u00e1ndo y c\u00f3mo empezaste a formar parte de la empresa?<\/h2>\n<p>Empec\u00e9 a formar parte de Primafrio cuando tenia 22 a\u00f1os y fue en marzo del a\u00f1o 2010 en el departamento de Documentaci\u00f3n d\u00f3nde estuve hasta finales del a\u00f1o 2021.<\/p>\n<p>En diciembre del a\u00f1o 2021 empec\u00e9 a formarme y especializarme m\u00e1s en profundidad en el sector de matriculaciones y gesti\u00f3n de veh\u00edculos de la flota, siniestros de veh\u00edculos, siniestros de mercanc\u00edas, etc.<\/p>\n<h2>A t\u00fa parecer, \u00bfqu\u00e9 cualidades destacar\u00edas de la compa\u00f1\u00eda, y cu\u00e1les crees que son los valores que mejor nos definen? <\/h2>\n<p>Valoro mucho en la compa\u00f1\u00eda las ganas de seguir creciendo. Lo he podido observar a lo largo de estos a\u00f1os, ya que en mis inicios la empresa constaba de una flota de 400 veh\u00edculos aproximadamente. Gracias a la gran capacidad de gesti\u00f3n hemos podido evolucionar y a d\u00eda de hoy ser los mejores.<\/p>\n<h2>\u00bfCu\u00e1l es nuestro punto fuerte? <\/h2>\n<p>Como puntos fuertes destacar\u00eda el buen compa\u00f1erismo entre empleados y gerencia, la constancia en crecer y dar el mejor servicio a nuestros clientes y as\u00ed mismo lograr los \u00e9xitos que hoy en d\u00eda hemos conseguido tanto a nivel profesional como personal.<\/p>\n<h2>Despu\u00e9s de estos 60 a\u00f1os: \u00bfde qu\u00e9 te sientes m\u00e1s orgulloso?<\/h2>\n<p>Despu\u00e9s de los a\u00f1os me siento especialmente orgullosa de formar parte de Primafrio. Ver como la compa\u00f1\u00eda avanza y crece en el sector de transporte con el trabajo diario siento una gran satisfacci\u00f3n.<\/p>\n<h2>\u00bfTienes alguna experiencia rese\u00f1able o alg\u00fan momento que guardes de manera especial en tu memoria?<\/h2>\n<p>Recuerdo como al principio se trabaja mucho sobre papel y con folios, el ordenador era m\u00e1s bien como una \u00a8peque\u00f1a herramienta\u00a8 del trabajo, lo que hoy en d\u00eda es justo lo contrario. Quedan en la memoria las campa\u00f1as de fresa en Lepe-Huelva, con muchas an\u00e9cdotas a diario y que recuerdo con mucho cari\u00f1o.<\/p>\n","protected":false},"excerpt":{"rendered":"<p>\u00bfDesde cu\u00e1ndo y c\u00f3mo empezaste a formar parte de la empresa? Empec\u00e9 a formar parte de Primafrio cuando tenia 22 a\u00f1os y fue en marzo del a\u00f1o 2010 en el departamento de Documentaci\u00f3n d\u00f3nde estuve hasta finales del a\u00f1o 2021. En diciembre del a\u00f1o 2021 empec\u00e9 a formarme y especializarme m\u00e1s en profundidad en el [&hellip;]<\/p>\n","protected":false},"author":1,"featured_media":2331,"comment_status":"open","ping_status":"open","sticky":false,"template":"","format":"standard","meta":{"footnotes":""},"categories":[13],"tags":[],"class_list":["post-2186","post","type-post","status-publish","format-standard","has-post-thumbnail","hentry","category-protagonistas"],"_links":{"self":[{"href":"https:\/\/primafrio.com\/60-aniversario\/wp-json\/wp\/v2\/posts\/2186","targetHints":{"allow":["GET"]}}],"collection":[{"href":"https:\/\/primafrio.com\/60-aniversario\/wp-json\/wp\/v2\/posts"}],"about":[{"href":"https:\/\/primafrio.com\/60-aniversario\/wp-json\/wp\/v2\/types\/post"}],"author":[{"embeddable":true,"href":"https:\/\/primafrio.com\/60-aniversario\/wp-json\/wp\/v2\/users\/1"}],"replies":[{"embeddable":true,"href":"https:\/\/primafrio.com\/60-aniversario\/wp-json\/wp\/v2\/comments?post=2186"}],"version-history":[{"count":3,"href":"https:\/\/primafrio.com\/60-aniversario\/wp-json\/wp\/v2\/posts\/2186\/revisions"}],"predecessor-version":[{"id":2586,"href":"https:\/\/primafrio.com\/60-aniversario\/wp-json\/wp\/v2\/posts\/2186\/revisions\/2586"}],"wp:featuredmedia":[{"embeddable":true,"href":"https:\/\/primafrio.com\/60-aniversario\/wp-json\/wp\/v2\/media\/2331"}],"wp:attachment":[{"href":"https:\/\/primafrio.com\/60-aniversario\/wp-json\/wp\/v2\/media?parent=2186"}],"wp:term":[{"taxonomy":"category","embeddable":true,"href":"https:\/\/primafrio.com\/60-aniversario\/wp-json\/wp\/v2\/categories?post=2186"},{"taxonomy":"post_tag","embeddable":true,"href":"https:\/\/primafrio.com\/60-aniversario\/wp-json\/wp\/v2\/tags?post=2186"}],"curies":[{"name":"wp","href":"https:\/\/api.w.org\/{rel}","templated":true}]}}