{"id":2179,"date":"2023-07-24T18:37:53","date_gmt":"2023-07-24T16:37:53","guid":{"rendered":"https:\/\/primafrio.com\/60-aniversario\/?p=2179"},"modified":"2023-12-20T18:59:09","modified_gmt":"2023-12-20T17:59:09","slug":"pedro-ortiz","status":"publish","type":"post","link":"https:\/\/primafrio.com\/60-aniversario\/pedro-ortiz\/","title":{"rendered":"Pedro Ort\u00edz"},"content":{"rendered":"<h2>\u00bfDesde cu\u00e1ndo y c\u00f3mo empezaste a formar parte de la empresa?<\/h2>\n<p>En julio de 2011 termin\u00e9 mis estudios y en agosto de ese mismo a\u00f1o recib\u00ed una llamada de Isidro. \u00c9l me present\u00f3 en la empresa y unos d\u00edas despu\u00e9s hice la entrevista.<\/p>\n<h2>A t\u00fa parecer, \u00bfqu\u00e9 cualidades destacar\u00edas de la compa\u00f1\u00eda, y cu\u00e1les crees que son los valores que mejor nos definen? <\/h2>\n<p>Su ambici\u00f3n por enfrentarse a nuevos retos y capacidad para trabajar en equipo.<\/p>\n<h2>\u00bfCu\u00e1l es nuestro punto fuerte? <\/h2>\n<p>Innovaci\u00f3n, calidad y capacidad para solventar cualquier inconveniente.<\/p>\n<h2>Despu\u00e9s de estos 60 a\u00f1os: \u00bfde qu\u00e9 te sientes m\u00e1s orgulloso?<\/h2>\n<p>De formar parte de esta empresa o como yo considero, UNA GRAN FAMILIA y de ver c\u00f3mo ha evolucionado a lo largo de los a\u00f1os.<\/p>\n<h2>\u00bfTienes alguna experiencia rese\u00f1able o alg\u00fan momento que guardes de manera especial en tu memoria?<\/h2>\n<p>Recuerdo cuando al principio, uno de nuestros principales clientes, nos enviaba las instrucciones con los destinos para los ch\u00f3feres por fax y una a una,. Pod\u00e9is imaginar c\u00f3mo se trabajaba, ahora todo es mucho m\u00e1s r\u00e1pido, gestionamos todo directamente a nuestro sistema inform\u00e1tico o e-mail.<\/p>\n","protected":false},"excerpt":{"rendered":"<p>\u00bfDesde cu\u00e1ndo y c\u00f3mo empezaste a formar parte de la empresa? En julio de 2011 termin\u00e9 mis estudios y en agosto de ese mismo a\u00f1o recib\u00ed una llamada de Isidro. \u00c9l me present\u00f3 en la empresa y unos d\u00edas despu\u00e9s hice la entrevista. A t\u00fa parecer, \u00bfqu\u00e9 cualidades destacar\u00edas de la compa\u00f1\u00eda, y cu\u00e1les crees [&hellip;]<\/p>\n","protected":false},"author":1,"featured_media":2333,"comment_status":"open","ping_status":"open","sticky":false,"template":"","format":"standard","meta":{"footnotes":""},"categories":[13],"tags":[],"class_list":["post-2179","post","type-post","status-publish","format-standard","has-post-thumbnail","hentry","category-protagonistas"],"_links":{"self":[{"href":"https:\/\/primafrio.com\/60-aniversario\/wp-json\/wp\/v2\/posts\/2179","targetHints":{"allow":["GET"]}}],"collection":[{"href":"https:\/\/primafrio.com\/60-aniversario\/wp-json\/wp\/v2\/posts"}],"about":[{"href":"https:\/\/primafrio.com\/60-aniversario\/wp-json\/wp\/v2\/types\/post"}],"author":[{"embeddable":true,"href":"https:\/\/primafrio.com\/60-aniversario\/wp-json\/wp\/v2\/users\/1"}],"replies":[{"embeddable":true,"href":"https:\/\/primafrio.com\/60-aniversario\/wp-json\/wp\/v2\/comments?post=2179"}],"version-history":[{"count":3,"href":"https:\/\/primafrio.com\/60-aniversario\/wp-json\/wp\/v2\/posts\/2179\/revisions"}],"predecessor-version":[{"id":2588,"href":"https:\/\/primafrio.com\/60-aniversario\/wp-json\/wp\/v2\/posts\/2179\/revisions\/2588"}],"wp:featuredmedia":[{"embeddable":true,"href":"https:\/\/primafrio.com\/60-aniversario\/wp-json\/wp\/v2\/media\/2333"}],"wp:attachment":[{"href":"https:\/\/primafrio.com\/60-aniversario\/wp-json\/wp\/v2\/media?parent=2179"}],"wp:term":[{"taxonomy":"category","embeddable":true,"href":"https:\/\/primafrio.com\/60-aniversario\/wp-json\/wp\/v2\/categories?post=2179"},{"taxonomy":"post_tag","embeddable":true,"href":"https:\/\/primafrio.com\/60-aniversario\/wp-json\/wp\/v2\/tags?post=2179"}],"curies":[{"name":"wp","href":"https:\/\/api.w.org\/{rel}","templated":true}]}}