{"id":2176,"date":"2023-07-18T18:36:31","date_gmt":"2023-07-18T16:36:31","guid":{"rendered":"https:\/\/primafrio.com\/60-aniversario\/?p=2176"},"modified":"2023-12-20T18:32:37","modified_gmt":"2023-12-20T17:32:37","slug":"alvaro-martinez","status":"publish","type":"post","link":"https:\/\/primafrio.com\/60-aniversario\/alvaro-martinez\/","title":{"rendered":"\u00c1lvaro Mart\u00ednez"},"content":{"rendered":"<h2>\u00bfDesde cu\u00e1ndo y c\u00f3mo empezaste a formar parte de la empresa?<\/h2>\n<p>Mi experiencia en Primafrio comenz\u00f3 en 2016, cuando me llamaron para formar parte del departamento de facturaci\u00f3n despu\u00e9s de dejar mi curriculum tras ver una oferta de trabajo, por lo que llevo formando parte de la compa\u00f1\u00eda aproximadamente 7 a\u00f1os.<\/p>\n<h2>A t\u00fa parecer, \u00bfqu\u00e9 cualidades destacar\u00edas de la compa\u00f1\u00eda, y cu\u00e1les crees que son los valores que mejor nos definen? <\/h2>\n<p>Las cualidades a destacar ser\u00edan el compromiso y lealtad con el cliente, el cuidado desarrollo y apuesta por sus empleados, el compromiso con el medio ambiente y la profesionalidad con la que se llevan a cabo todo tipo de procesos.<\/p>\n<p>En cuanto a los valores lo que m\u00e1s me llam\u00f3 la atenci\u00f3n fue y es, que a pesar de ser una empresa de esta magnitud y con un elevado n\u00famero de empleados, el ambiente que se respira y el trato entre todos los componentes de Primafrio es como el de una gran familia y eso es algo muy especial.<\/p>\n<h2>\u00bfCu\u00e1l es nuestro punto fuerte? <\/h2>\n<p>El punto fuerte de Primafrio es el compromiso, el compromiso con sus clientes, el compromiso con sus empleados y el compromiso con el medio ambiente.<\/p>\n<h2>Despu\u00e9s de estos 60 a\u00f1os: \u00bfde qu\u00e9 te sientes m\u00e1s orgulloso?<\/h2>\n<p>Lo que m\u00e1s me enorgullece es ver el gran crecimiento de la compa\u00f1\u00eda a todos los niveles, adapt\u00e1ndose a los tiempos, superando las adversidades, como por ejemplo el COVID 19, el cual me toc\u00f3 vivir desde dentro y en el que la empresa estuvo al pie del ca\u00f1\u00f3n en todo momento, y todo lo anterior sin perder su esencia de empresa familiar y mirando siempre por su capital humano.<\/p>\n<h2>\u00bfTienes alguna experiencia rese\u00f1able o alg\u00fan momento que guardes de manera especial en tu memoria?<\/h2>\n<p>La verdad es que tengo muchos momentos buenos desde que empec\u00e9 a formar parte de Primafrio y que voy a llevar en el recuero, pero me quedo con el inter\u00e9s y el apoyo recibido por compa\u00f1eros y superiores en determinados momentos, lo que me ha sido de gran ayuda y para m\u00ed es algo importante.<\/p>\n","protected":false},"excerpt":{"rendered":"<p>\u00bfDesde cu\u00e1ndo y c\u00f3mo empezaste a formar parte de la empresa? Mi experiencia en Primafrio comenz\u00f3 en 2016, cuando me llamaron para formar parte del departamento de facturaci\u00f3n despu\u00e9s de dejar mi curriculum tras ver una oferta de trabajo, por lo que llevo formando parte de la compa\u00f1\u00eda aproximadamente 7 a\u00f1os. A t\u00fa parecer, \u00bfqu\u00e9 [&hellip;]<\/p>\n","protected":false},"author":1,"featured_media":2334,"comment_status":"open","ping_status":"open","sticky":false,"template":"","format":"standard","meta":{"footnotes":""},"categories":[13],"tags":[],"class_list":["post-2176","post","type-post","status-publish","format-standard","has-post-thumbnail","hentry","category-protagonistas"],"_links":{"self":[{"href":"https:\/\/primafrio.com\/60-aniversario\/wp-json\/wp\/v2\/posts\/2176","targetHints":{"allow":["GET"]}}],"collection":[{"href":"https:\/\/primafrio.com\/60-aniversario\/wp-json\/wp\/v2\/posts"}],"about":[{"href":"https:\/\/primafrio.com\/60-aniversario\/wp-json\/wp\/v2\/types\/post"}],"author":[{"embeddable":true,"href":"https:\/\/primafrio.com\/60-aniversario\/wp-json\/wp\/v2\/users\/1"}],"replies":[{"embeddable":true,"href":"https:\/\/primafrio.com\/60-aniversario\/wp-json\/wp\/v2\/comments?post=2176"}],"version-history":[{"count":3,"href":"https:\/\/primafrio.com\/60-aniversario\/wp-json\/wp\/v2\/posts\/2176\/revisions"}],"predecessor-version":[{"id":2583,"href":"https:\/\/primafrio.com\/60-aniversario\/wp-json\/wp\/v2\/posts\/2176\/revisions\/2583"}],"wp:featuredmedia":[{"embeddable":true,"href":"https:\/\/primafrio.com\/60-aniversario\/wp-json\/wp\/v2\/media\/2334"}],"wp:attachment":[{"href":"https:\/\/primafrio.com\/60-aniversario\/wp-json\/wp\/v2\/media?parent=2176"}],"wp:term":[{"taxonomy":"category","embeddable":true,"href":"https:\/\/primafrio.com\/60-aniversario\/wp-json\/wp\/v2\/categories?post=2176"},{"taxonomy":"post_tag","embeddable":true,"href":"https:\/\/primafrio.com\/60-aniversario\/wp-json\/wp\/v2\/tags?post=2176"}],"curies":[{"name":"wp","href":"https:\/\/api.w.org\/{rel}","templated":true}]}}