{"id":2170,"date":"2023-07-01T18:32:13","date_gmt":"2023-07-01T16:32:13","guid":{"rendered":"https:\/\/primafrio.com\/60-aniversario\/?p=2170"},"modified":"2023-12-20T15:00:00","modified_gmt":"2023-12-20T14:00:00","slug":"antonio-riscos","status":"publish","type":"post","link":"https:\/\/primafrio.com\/60-aniversario\/antonio-riscos\/","title":{"rendered":"Antonio Riscos"},"content":{"rendered":"<h2>\u00bfDesde cu\u00e1ndo y c\u00f3mo empezaste a formar parte de la empresa?<\/h2>\n<p>Empec\u00e9 a trabajar en Primafrio en el a\u00f1o 2020, cuando justo empez\u00f3 la pandemia del Covid-19. Me contact\u00f3 RRHH y me pareci\u00f3 muy interesante el proyecto que pusimos en marcha sobre formaci\u00f3n y conducci\u00f3n eficiente.<\/p>\n<h2>A t\u00fa parecer, \u00bfqu\u00e9 cualidades destacar\u00edas de la compa\u00f1\u00eda, y cu\u00e1les crees que son los valores que mejor nos definen? <\/h2>\n<p>En cuanto a cualidades y valores creo que est\u00e1n claro, la lucha por ser mejores y m\u00e1s competitivos entre otras cosas gracias a la formaci\u00f3n y experiencia del equipo humano que constantemente tiene que estar creciendo para dar lo mejor.<\/p>\n<h2>\u00bfCu\u00e1l es nuestro punto fuerte? <\/h2>\n<p>Creo que el punto fuerte est\u00e1 en mirar siempre hacia adelante, anticip\u00e1ndose al futuro sin olvidar el camino recorrido. Intentar siempre ser los primeros, somos Primafrio.<\/p>\n<h2>Despu\u00e9s de estos 60 a\u00f1os: \u00bfde qu\u00e9 te sientes m\u00e1s orgulloso?<\/h2>\n<p>Para m\u00ed es un orgullo circular por la carretera con mi veh\u00edculo y cruzarme con alg\u00fan cami\u00f3n de Primafrio, llevo relativamente poco tiempo, pero siento como si hubiera estado toda la vida.<\/p>\n<h2>\u00bfTienes alguna experiencia rese\u00f1able o alg\u00fan momento que guardes de manera especial en tu memoria?<\/h2>\n<p>La primera vez que vine a Primafrio y pas\u00e9 por la parte de arriba donde est\u00e1 tr\u00e1fico me dej\u00f3 realmente impactado. Hab\u00eda estado en muchas empresas de transporte, pero jam\u00e1s hab\u00eda visto algo tan espectacular. Hoy en d\u00eda me sigue pareciendo espectacular.<\/p>\n","protected":false},"excerpt":{"rendered":"<p>\u00bfDesde cu\u00e1ndo y c\u00f3mo empezaste a formar parte de la empresa? Empec\u00e9 a trabajar en Primafrio en el a\u00f1o 2020, cuando justo empez\u00f3 la pandemia del Covid-19. Me contact\u00f3 RRHH y me pareci\u00f3 muy interesante el proyecto que pusimos en marcha sobre formaci\u00f3n y conducci\u00f3n eficiente. A t\u00fa parecer, \u00bfqu\u00e9 cualidades destacar\u00edas de la compa\u00f1\u00eda, [&hellip;]<\/p>\n","protected":false},"author":1,"featured_media":2336,"comment_status":"open","ping_status":"open","sticky":false,"template":"","format":"standard","meta":{"footnotes":""},"categories":[13],"tags":[],"class_list":["post-2170","post","type-post","status-publish","format-standard","has-post-thumbnail","hentry","category-protagonistas"],"_links":{"self":[{"href":"https:\/\/primafrio.com\/60-aniversario\/wp-json\/wp\/v2\/posts\/2170","targetHints":{"allow":["GET"]}}],"collection":[{"href":"https:\/\/primafrio.com\/60-aniversario\/wp-json\/wp\/v2\/posts"}],"about":[{"href":"https:\/\/primafrio.com\/60-aniversario\/wp-json\/wp\/v2\/types\/post"}],"author":[{"embeddable":true,"href":"https:\/\/primafrio.com\/60-aniversario\/wp-json\/wp\/v2\/users\/1"}],"replies":[{"embeddable":true,"href":"https:\/\/primafrio.com\/60-aniversario\/wp-json\/wp\/v2\/comments?post=2170"}],"version-history":[{"count":3,"href":"https:\/\/primafrio.com\/60-aniversario\/wp-json\/wp\/v2\/posts\/2170\/revisions"}],"predecessor-version":[{"id":2565,"href":"https:\/\/primafrio.com\/60-aniversario\/wp-json\/wp\/v2\/posts\/2170\/revisions\/2565"}],"wp:featuredmedia":[{"embeddable":true,"href":"https:\/\/primafrio.com\/60-aniversario\/wp-json\/wp\/v2\/media\/2336"}],"wp:attachment":[{"href":"https:\/\/primafrio.com\/60-aniversario\/wp-json\/wp\/v2\/media?parent=2170"}],"wp:term":[{"taxonomy":"category","embeddable":true,"href":"https:\/\/primafrio.com\/60-aniversario\/wp-json\/wp\/v2\/categories?post=2170"},{"taxonomy":"post_tag","embeddable":true,"href":"https:\/\/primafrio.com\/60-aniversario\/wp-json\/wp\/v2\/tags?post=2170"}],"curies":[{"name":"wp","href":"https:\/\/api.w.org\/{rel}","templated":true}]}}