{"id":2167,"date":"2023-06-04T18:30:22","date_gmt":"2023-06-04T16:30:22","guid":{"rendered":"https:\/\/primafrio.com\/60-aniversario\/?p=2167"},"modified":"2023-12-28T11:34:24","modified_gmt":"2023-12-28T10:34:24","slug":"ana-garcia","status":"publish","type":"post","link":"https:\/\/primafrio.com\/60-aniversario\/ana-garcia\/","title":{"rendered":"Ana Garc\u00eda"},"content":{"rendered":"<h2>\u00bfDesde cu\u00e1ndo y c\u00f3mo empezaste a formar parte de la empresa?<\/h2>\n<p>Hace 26 a\u00f1os, tuve la oportunidad de unirme a esta gran familia en la base de Primafrio<br \/>\nen Lepe. Desde entonces, he sido testigo del crecimiento y evoluci\u00f3n constante de la<br \/>\ncompa\u00f1\u00eda.<\/p>\n<h2>A t\u00fa parecer, \u00bfqu\u00e9 cualidades destacar\u00edas de la compa\u00f1\u00eda, y cu\u00e1les crees que son los valores que mejor nos definen? <\/h2>\n<p>Primafrio destaca por su compromiso con la excelencia en el servicio, la<br \/>\ninnovaci\u00f3n constante y la pasi\u00f3n por el trabajo bien hecho. Nuestros valores<br \/>\nfundamentales son la integridad, trabajo en equipo y la responsabilidad ante nuestros<br \/>\nclientes, que gu\u00edan cada una de nuestras acciones y decisiones.<\/p>\n<h2>\u00bfCu\u00e1l es nuestro punto fuerte? <\/h2>\n<p>Nuestro punto fuerte, radica en la capacidad de adaptarnos a los cambios y<br \/>\ndesaf\u00edos del mercado. Esto nos ha permitido mantenernos l\u00edderes en el sector de la<br \/>\nlog\u00edstica durante estos 60 a\u00f1os.\n<\/p>\n<h2>Despu\u00e9s de estos 60 a\u00f1os: \u00bfde qu\u00e9 te sientes m\u00e1s orgulloso?<\/h2>\n<p>Me siento orgullosa de formar parte de una empresa que ha forjado un solido<br \/>\nlegado en el transporte y la log\u00edstica.<\/p>\n<h2>\u00bfTienes alguna experiencia rese\u00f1able o alg\u00fan momento que guardes de manera especial en tu memoria?<\/h2>\n<p>Estos a\u00f1os de trayectoria en Primafrio han sido un viaje emocionante, lleno de desaf\u00edos y triunfos. Aportando lo mejor de m\u00ed.<\/p>\n","protected":false},"excerpt":{"rendered":"<p>\u00bfDesde cu\u00e1ndo y c\u00f3mo empezaste a formar parte de la empresa? Hace 26 a\u00f1os, tuve la oportunidad de unirme a esta gran familia en la base de Primafrio en Lepe. Desde entonces, he sido testigo del crecimiento y evoluci\u00f3n constante de la compa\u00f1\u00eda. A t\u00fa parecer, \u00bfqu\u00e9 cualidades destacar\u00edas de la compa\u00f1\u00eda, y cu\u00e1les crees [&hellip;]<\/p>\n","protected":false},"author":1,"featured_media":2337,"comment_status":"open","ping_status":"open","sticky":false,"template":"","format":"standard","meta":{"footnotes":""},"categories":[13],"tags":[],"class_list":["post-2167","post","type-post","status-publish","format-standard","has-post-thumbnail","hentry","category-protagonistas"],"_links":{"self":[{"href":"https:\/\/primafrio.com\/60-aniversario\/wp-json\/wp\/v2\/posts\/2167","targetHints":{"allow":["GET"]}}],"collection":[{"href":"https:\/\/primafrio.com\/60-aniversario\/wp-json\/wp\/v2\/posts"}],"about":[{"href":"https:\/\/primafrio.com\/60-aniversario\/wp-json\/wp\/v2\/types\/post"}],"author":[{"embeddable":true,"href":"https:\/\/primafrio.com\/60-aniversario\/wp-json\/wp\/v2\/users\/1"}],"replies":[{"embeddable":true,"href":"https:\/\/primafrio.com\/60-aniversario\/wp-json\/wp\/v2\/comments?post=2167"}],"version-history":[{"count":5,"href":"https:\/\/primafrio.com\/60-aniversario\/wp-json\/wp\/v2\/posts\/2167\/revisions"}],"predecessor-version":[{"id":2763,"href":"https:\/\/primafrio.com\/60-aniversario\/wp-json\/wp\/v2\/posts\/2167\/revisions\/2763"}],"wp:featuredmedia":[{"embeddable":true,"href":"https:\/\/primafrio.com\/60-aniversario\/wp-json\/wp\/v2\/media\/2337"}],"wp:attachment":[{"href":"https:\/\/primafrio.com\/60-aniversario\/wp-json\/wp\/v2\/media?parent=2167"}],"wp:term":[{"taxonomy":"category","embeddable":true,"href":"https:\/\/primafrio.com\/60-aniversario\/wp-json\/wp\/v2\/categories?post=2167"},{"taxonomy":"post_tag","embeddable":true,"href":"https:\/\/primafrio.com\/60-aniversario\/wp-json\/wp\/v2\/tags?post=2167"}],"curies":[{"name":"wp","href":"https:\/\/api.w.org\/{rel}","templated":true}]}}