{"id":2164,"date":"2023-06-13T18:27:57","date_gmt":"2023-06-13T16:27:57","guid":{"rendered":"https:\/\/primafrio.com\/60-aniversario\/?p=2164"},"modified":"2023-12-28T12:14:16","modified_gmt":"2023-12-28T11:14:16","slug":"jose-luis-molins-2","status":"publish","type":"post","link":"https:\/\/primafrio.com\/60-aniversario\/jose-luis-molins-2\/","title":{"rendered":"Jos\u00e9 Luis Molins"},"content":{"rendered":"<h2>\u00bfDesde cu\u00e1ndo y c\u00f3mo empezaste a formar parte de la empresa?<\/h2>\n<p>Entr\u00e9, en una primera etapa en Paconsa, el 15 de octubre de 2003 hasta el 15 de agosto de 2006. Trabajaba con un cliente de Paconsa, Fresh Royal. Habiendo una vacante en la empresa en Lepe, asum\u00ed el reto de incorporarme al proyecto. Ya en Primafrio me incorpor\u00e9 en septiembre de 2020.<\/p>\n<h2>A t\u00fa parecer, \u00bfqu\u00e9 cualidades destacar\u00edas de la compa\u00f1\u00eda, y cu\u00e1les crees que son los valores que mejor nos definen? <\/h2>\n<p>Exigencia, compromiso, seriedad, mentalidad ganadora, no dejar de mejorar e idear para crecer en la calidad de servicio, desarrollo de inquietudes.<\/p>\n<h2>\u00bfCu\u00e1l es nuestro punto fuerte? <\/h2>\n<p>Sin duda alguna el compromiso diario de que a los clientes no les falle el servicio de Primafrio, desde la exigencia que se ten\u00eda ya en Paconsa.<\/p>\n<h2>Despu\u00e9s de estos 60 a\u00f1os: \u00bfde qu\u00e9 te sientes m\u00e1s orgulloso?<\/h2>\n<p>Sin duda alguna de la calidad humana de las personas que dirigen la empresa. Gracias a mi traslado a Murcia, junto a mi familia, pude descubrir las grandes personas que son. Consiguen que personas como yo, digamos con much\u00edsimo cari\u00f1o y orgullo que trabajamos en Primafrio.<\/p>\n<h2>\u00bfTienes alguna experiencia rese\u00f1able o alg\u00fan momento que guardes de manera especial en tu memoria?<\/h2>\n<p>Sin duda alguna, la primera entrevista en persona con Jos\u00e9 Esteban Conesa, en la base de Molina de Segura, en septiembre de 2003. Esa entrevista cambi\u00f3 mi vida; gracias a la oportunidad que me brind\u00f3, tengo que reconocer que mi vida dio un giro radical en positivo.<br \/>\nAll\u00e1 donde yo vaya el apellido Conesa tendr\u00e1 un valor incondicional tanto en mi persona como en mi familia.<\/p>\n","protected":false},"excerpt":{"rendered":"<p>\u00bfDesde cu\u00e1ndo y c\u00f3mo empezaste a formar parte de la empresa? Entr\u00e9, en una primera etapa en Paconsa, el 15 de octubre de 2003 hasta el 15 de agosto de 2006. Trabajaba con un cliente de Paconsa, Fresh Royal. Habiendo una vacante en la empresa en Lepe, asum\u00ed el reto de incorporarme al proyecto. Ya [&hellip;]<\/p>\n","protected":false},"author":1,"featured_media":2338,"comment_status":"open","ping_status":"open","sticky":false,"template":"","format":"standard","meta":{"footnotes":""},"categories":[13],"tags":[],"class_list":["post-2164","post","type-post","status-publish","format-standard","has-post-thumbnail","hentry","category-protagonistas"],"_links":{"self":[{"href":"https:\/\/primafrio.com\/60-aniversario\/wp-json\/wp\/v2\/posts\/2164","targetHints":{"allow":["GET"]}}],"collection":[{"href":"https:\/\/primafrio.com\/60-aniversario\/wp-json\/wp\/v2\/posts"}],"about":[{"href":"https:\/\/primafrio.com\/60-aniversario\/wp-json\/wp\/v2\/types\/post"}],"author":[{"embeddable":true,"href":"https:\/\/primafrio.com\/60-aniversario\/wp-json\/wp\/v2\/users\/1"}],"replies":[{"embeddable":true,"href":"https:\/\/primafrio.com\/60-aniversario\/wp-json\/wp\/v2\/comments?post=2164"}],"version-history":[{"count":5,"href":"https:\/\/primafrio.com\/60-aniversario\/wp-json\/wp\/v2\/posts\/2164\/revisions"}],"predecessor-version":[{"id":2787,"href":"https:\/\/primafrio.com\/60-aniversario\/wp-json\/wp\/v2\/posts\/2164\/revisions\/2787"}],"wp:featuredmedia":[{"embeddable":true,"href":"https:\/\/primafrio.com\/60-aniversario\/wp-json\/wp\/v2\/media\/2338"}],"wp:attachment":[{"href":"https:\/\/primafrio.com\/60-aniversario\/wp-json\/wp\/v2\/media?parent=2164"}],"wp:term":[{"taxonomy":"category","embeddable":true,"href":"https:\/\/primafrio.com\/60-aniversario\/wp-json\/wp\/v2\/categories?post=2164"},{"taxonomy":"post_tag","embeddable":true,"href":"https:\/\/primafrio.com\/60-aniversario\/wp-json\/wp\/v2\/tags?post=2164"}],"curies":[{"name":"wp","href":"https:\/\/api.w.org\/{rel}","templated":true}]}}