{"id":2158,"date":"2023-06-06T18:22:13","date_gmt":"2023-06-06T16:22:13","guid":{"rendered":"https:\/\/primafrio.com\/60-aniversario\/?p=2158"},"modified":"2023-12-18T11:28:32","modified_gmt":"2023-12-18T10:28:32","slug":"alfredo-alvarez","status":"publish","type":"post","link":"https:\/\/primafrio.com\/60-aniversario\/alfredo-alvarez\/","title":{"rendered":"Alfredo \u00c1lvarez"},"content":{"rendered":"<h2>\u00bfDesde cu\u00e1ndo y c\u00f3mo empezaste a formar parte de la empresa?<\/h2>\n<p>Desde febrero de 2010, llegu\u00e9 aqu\u00ed a trav\u00e9s de la empresa de un conocido.<\/p>\n<h2>A t\u00fa parecer, \u00bfqu\u00e9 cualidades destacar\u00edas de la compa\u00f1\u00eda, y cu\u00e1les crees que son los valores que mejor nos definen? <\/h2>\n<p>Principalmente, la b\u00fasqueda constante de la excelencia y del trabajo bien hecho, no de cualquier manera, cuidando el detalle. Y otro importante es la inquietud por la evoluci\u00f3n, el saber crecer sin dejar de \u201cactualizarse\u201d al tiempo actual en todos los sentidos.<\/p>\n<h2>\u00bfCu\u00e1l es nuestro punto fuerte? <\/h2>\n<p>Aunque suene raro\u2026 el que \u201ctodo sale\u201d, a\u00fan en las peores circunstancias en las que parece que no hay manera de hacer algo, todo se consigue, no hay reto imposible. Somos unos todo terreno.<\/p>\n<h2>Despu\u00e9s de estos 60 a\u00f1os: \u00bfde qu\u00e9 te sientes m\u00e1s orgulloso?<\/h2>\n<p>De ver y ser parte de como una empresa que comenz\u00f3 siendo familiar ha llegado a cotas enormes, y sigue creciendo y evolucionando sin dejar de lado ese car\u00e1cter \u201cfamiliar y cercano\u201d, por muy grande que se haga. Situaci\u00f3n que s\u00f3lo se consigue, por otra parte, por el involucramiento de todos los que componen la empresa, sea cual sea su estatus dentro de ella.<\/p>\n<h2>\u00bfTienes alguna experiencia rese\u00f1able o alg\u00fan momento que guardes de manera especial en tu memoria?<\/h2>\n<p>A lo largo de 13 a\u00f1os y medio hay muchas experiencias y momentos, pero quiz\u00e1, siendo el momento que es en la historia de la empresa y haciendo referencia al car\u00e1cter familiar de esta, me quede con lo que me llam\u00f3 la atenci\u00f3n. Apenas llevar\u00eda semanas en la empresa, el ver, cuando aparec\u00edan por la oficina de Molina tanto D. Jos\u00e9 como D\u00f1a. Josefina, ese trato de respeto, cari\u00f1o y cercan\u00eda que se transmit\u00eda entre cualquiera de ellos y los empleados antiguos.<\/p>\n","protected":false},"excerpt":{"rendered":"<p>\u00bfDesde cu\u00e1ndo y c\u00f3mo empezaste a formar parte de la empresa? Desde febrero de 2010, llegu\u00e9 aqu\u00ed a trav\u00e9s de la empresa de un conocido. A t\u00fa parecer, \u00bfqu\u00e9 cualidades destacar\u00edas de la compa\u00f1\u00eda, y cu\u00e1les crees que son los valores que mejor nos definen? Principalmente, la b\u00fasqueda constante de la excelencia y del trabajo [&hellip;]<\/p>\n","protected":false},"author":1,"featured_media":2340,"comment_status":"open","ping_status":"open","sticky":false,"template":"","format":"standard","meta":{"footnotes":""},"categories":[13],"tags":[],"class_list":["post-2158","post","type-post","status-publish","format-standard","has-post-thumbnail","hentry","category-protagonistas"],"_links":{"self":[{"href":"https:\/\/primafrio.com\/60-aniversario\/wp-json\/wp\/v2\/posts\/2158","targetHints":{"allow":["GET"]}}],"collection":[{"href":"https:\/\/primafrio.com\/60-aniversario\/wp-json\/wp\/v2\/posts"}],"about":[{"href":"https:\/\/primafrio.com\/60-aniversario\/wp-json\/wp\/v2\/types\/post"}],"author":[{"embeddable":true,"href":"https:\/\/primafrio.com\/60-aniversario\/wp-json\/wp\/v2\/users\/1"}],"replies":[{"embeddable":true,"href":"https:\/\/primafrio.com\/60-aniversario\/wp-json\/wp\/v2\/comments?post=2158"}],"version-history":[{"count":3,"href":"https:\/\/primafrio.com\/60-aniversario\/wp-json\/wp\/v2\/posts\/2158\/revisions"}],"predecessor-version":[{"id":2556,"href":"https:\/\/primafrio.com\/60-aniversario\/wp-json\/wp\/v2\/posts\/2158\/revisions\/2556"}],"wp:featuredmedia":[{"embeddable":true,"href":"https:\/\/primafrio.com\/60-aniversario\/wp-json\/wp\/v2\/media\/2340"}],"wp:attachment":[{"href":"https:\/\/primafrio.com\/60-aniversario\/wp-json\/wp\/v2\/media?parent=2158"}],"wp:term":[{"taxonomy":"category","embeddable":true,"href":"https:\/\/primafrio.com\/60-aniversario\/wp-json\/wp\/v2\/categories?post=2158"},{"taxonomy":"post_tag","embeddable":true,"href":"https:\/\/primafrio.com\/60-aniversario\/wp-json\/wp\/v2\/tags?post=2158"}],"curies":[{"name":"wp","href":"https:\/\/api.w.org\/{rel}","templated":true}]}}