{"id":2151,"date":"2023-07-11T18:18:20","date_gmt":"2023-07-11T16:18:20","guid":{"rendered":"https:\/\/primafrio.com\/60-aniversario\/?p=2151"},"modified":"2023-12-29T09:09:04","modified_gmt":"2023-12-29T08:09:04","slug":"francisco-alarcon","status":"publish","type":"post","link":"https:\/\/primafrio.com\/60-aniversario\/francisco-alarcon\/","title":{"rendered":"Francisco Alarc\u00f3n"},"content":{"rendered":"<h2>\u00bfDesde cu\u00e1ndo y c\u00f3mo empezaste a formar parte de la empresa?<\/h2>\n<p>Desde octubre de 2018, a ra\u00edz de una circunstancia personal que me hizo contactar con la empresa cuando estaba residiendo en Madrid.<\/p>\n<h2>A t\u00fa parecer, \u00bfqu\u00e9 cualidades destacar\u00edas de la compa\u00f1\u00eda, y cu\u00e1les crees que son los valores que mejor nos definen? <\/h2>\n<p>La capacidad de superaci\u00f3n sin duda. La empresa ha doblado pr\u00e1cticamente sus ventas en 6 a\u00f1os. Por supuesto, detr\u00e1s de esto hay mucho trabajo y mucha dedicaci\u00f3n por parte de toda la plantilla y creo que todos nos sentimos identificados con la empresa.<\/p>\n<h2>\u00bfCu\u00e1l es nuestro punto fuerte? <\/h2>\n<p>El potencial de crecimiento que seguimos teniendo.<\/p>\n<h2>Despu\u00e9s de estos 60 a\u00f1os: \u00bfde qu\u00e9 te sientes m\u00e1s orgulloso?<\/h2>\n<p>Pues sinceramente, cuando voy por la carretera y veo un cami\u00f3n o cuando alg\u00fan conocido me dice \u201dHe visto un cami\u00f3n de Primafrio\u201d y yo respondo: \u201cPues tenemos otros 2500 mas\u201d!!!!<\/p>\n<h2>\u00bfTienes alguna experiencia rese\u00f1able o alg\u00fan momento que guardes de manera especial en tu memoria?<\/h2>\n<p>Nada curioso que rese\u00f1ar. Recuerdo muchas horas y mucho trabajo en los recientes procesos de la compa\u00f1\u00eda.<\/p>\n","protected":false},"excerpt":{"rendered":"<p>\u00bfDesde cu\u00e1ndo y c\u00f3mo empezaste a formar parte de la empresa? Desde octubre de 2018, a ra\u00edz de una circunstancia personal que me hizo contactar con la empresa cuando estaba residiendo en Madrid. A t\u00fa parecer, \u00bfqu\u00e9 cualidades destacar\u00edas de la compa\u00f1\u00eda, y cu\u00e1les crees que son los valores que mejor nos definen? La capacidad [&hellip;]<\/p>\n","protected":false},"author":1,"featured_media":2342,"comment_status":"open","ping_status":"open","sticky":false,"template":"","format":"standard","meta":{"footnotes":""},"categories":[13],"tags":[],"class_list":["post-2151","post","type-post","status-publish","format-standard","has-post-thumbnail","hentry","category-protagonistas"],"_links":{"self":[{"href":"https:\/\/primafrio.com\/60-aniversario\/wp-json\/wp\/v2\/posts\/2151","targetHints":{"allow":["GET"]}}],"collection":[{"href":"https:\/\/primafrio.com\/60-aniversario\/wp-json\/wp\/v2\/posts"}],"about":[{"href":"https:\/\/primafrio.com\/60-aniversario\/wp-json\/wp\/v2\/types\/post"}],"author":[{"embeddable":true,"href":"https:\/\/primafrio.com\/60-aniversario\/wp-json\/wp\/v2\/users\/1"}],"replies":[{"embeddable":true,"href":"https:\/\/primafrio.com\/60-aniversario\/wp-json\/wp\/v2\/comments?post=2151"}],"version-history":[{"count":6,"href":"https:\/\/primafrio.com\/60-aniversario\/wp-json\/wp\/v2\/posts\/2151\/revisions"}],"predecessor-version":[{"id":2848,"href":"https:\/\/primafrio.com\/60-aniversario\/wp-json\/wp\/v2\/posts\/2151\/revisions\/2848"}],"wp:featuredmedia":[{"embeddable":true,"href":"https:\/\/primafrio.com\/60-aniversario\/wp-json\/wp\/v2\/media\/2342"}],"wp:attachment":[{"href":"https:\/\/primafrio.com\/60-aniversario\/wp-json\/wp\/v2\/media?parent=2151"}],"wp:term":[{"taxonomy":"category","embeddable":true,"href":"https:\/\/primafrio.com\/60-aniversario\/wp-json\/wp\/v2\/categories?post=2151"},{"taxonomy":"post_tag","embeddable":true,"href":"https:\/\/primafrio.com\/60-aniversario\/wp-json\/wp\/v2\/tags?post=2151"}],"curies":[{"name":"wp","href":"https:\/\/api.w.org\/{rel}","templated":true}]}}