{"id":2148,"date":"2023-06-28T18:15:21","date_gmt":"2023-06-28T16:15:21","guid":{"rendered":"https:\/\/primafrio.com\/60-aniversario\/?p=2148"},"modified":"2023-12-20T13:18:48","modified_gmt":"2023-12-20T12:18:48","slug":"enrique-fuster","status":"publish","type":"post","link":"https:\/\/primafrio.com\/60-aniversario\/enrique-fuster\/","title":{"rendered":"Enrique Fuster"},"content":{"rendered":"<h2>\u00bfDesde cu\u00e1ndo y c\u00f3mo empezaste a formar parte de la empresa?<\/h2>\n<p>Llevo varios a\u00f1os colaborando con Primafrio, pero mi incorporaci\u00f3n a tiempo completo se formalizo hace algo menos de un a\u00f1o.<\/p>\n<h2>A t\u00fa parecer, \u00bfqu\u00e9 cualidades destacar\u00edas de la compa\u00f1\u00eda, y cu\u00e1les crees que son los valores que mejor nos definen? <\/h2>\n<p>Son muchos, destacar\u00eda, honestidad, integridad, seriedad o profesionalidad entre otros. Todo ello en un entorno familiar y con la sana ambici\u00f3n de hacer cada d\u00eda las cosas mejor.<\/p>\n<h2>\u00bfCu\u00e1l es nuestro punto fuerte? <\/h2>\n<p>Si hay que decir solo uno, el servicio al cliente.<\/p>\n<h2>Despu\u00e9s de estos 60 a\u00f1os: \u00bfde qu\u00e9 te sientes m\u00e1s orgulloso?<\/h2>\n<p>No soy una persona que mire mucho atr\u00e1s. De lo que m\u00e1s orgullo estoy es de la solidez de lo que se ha construido y del futuro que tiene esta compa\u00f1\u00eda.<\/p>\n<h2>\u00bfTienes alguna experiencia rese\u00f1able o alg\u00fan momento que guardes de manera especial en tu memoria?<\/h2>\n<p>Lo que m\u00e1s me gusta de esta empresa es que cada d\u00eda en Primafrio es una experiencia. Tengo recuerdos y experiencias en un a\u00f1o que cuentan por 60.<\/p>\n","protected":false},"excerpt":{"rendered":"<p>\u00bfDesde cu\u00e1ndo y c\u00f3mo empezaste a formar parte de la empresa? Llevo varios a\u00f1os colaborando con Primafrio, pero mi incorporaci\u00f3n a tiempo completo se formalizo hace algo menos de un a\u00f1o. A t\u00fa parecer, \u00bfqu\u00e9 cualidades destacar\u00edas de la compa\u00f1\u00eda, y cu\u00e1les crees que son los valores que mejor nos definen? Son muchos, destacar\u00eda, honestidad, [&hellip;]<\/p>\n","protected":false},"author":1,"featured_media":2343,"comment_status":"open","ping_status":"open","sticky":false,"template":"","format":"standard","meta":{"footnotes":""},"categories":[13],"tags":[],"class_list":["post-2148","post","type-post","status-publish","format-standard","has-post-thumbnail","hentry","category-protagonistas"],"_links":{"self":[{"href":"https:\/\/primafrio.com\/60-aniversario\/wp-json\/wp\/v2\/posts\/2148","targetHints":{"allow":["GET"]}}],"collection":[{"href":"https:\/\/primafrio.com\/60-aniversario\/wp-json\/wp\/v2\/posts"}],"about":[{"href":"https:\/\/primafrio.com\/60-aniversario\/wp-json\/wp\/v2\/types\/post"}],"author":[{"embeddable":true,"href":"https:\/\/primafrio.com\/60-aniversario\/wp-json\/wp\/v2\/users\/1"}],"replies":[{"embeddable":true,"href":"https:\/\/primafrio.com\/60-aniversario\/wp-json\/wp\/v2\/comments?post=2148"}],"version-history":[{"count":3,"href":"https:\/\/primafrio.com\/60-aniversario\/wp-json\/wp\/v2\/posts\/2148\/revisions"}],"predecessor-version":[{"id":2564,"href":"https:\/\/primafrio.com\/60-aniversario\/wp-json\/wp\/v2\/posts\/2148\/revisions\/2564"}],"wp:featuredmedia":[{"embeddable":true,"href":"https:\/\/primafrio.com\/60-aniversario\/wp-json\/wp\/v2\/media\/2343"}],"wp:attachment":[{"href":"https:\/\/primafrio.com\/60-aniversario\/wp-json\/wp\/v2\/media?parent=2148"}],"wp:term":[{"taxonomy":"category","embeddable":true,"href":"https:\/\/primafrio.com\/60-aniversario\/wp-json\/wp\/v2\/categories?post=2148"},{"taxonomy":"post_tag","embeddable":true,"href":"https:\/\/primafrio.com\/60-aniversario\/wp-json\/wp\/v2\/tags?post=2148"}],"curies":[{"name":"wp","href":"https:\/\/api.w.org\/{rel}","templated":true}]}}