{"id":2143,"date":"2023-06-03T18:11:15","date_gmt":"2023-06-03T16:11:15","guid":{"rendered":"https:\/\/primafrio.com\/60-aniversario\/?p=2143"},"modified":"2023-12-14T12:00:52","modified_gmt":"2023-12-14T11:00:52","slug":"pascual-deltell","status":"publish","type":"post","link":"https:\/\/primafrio.com\/60-aniversario\/pascual-deltell\/","title":{"rendered":"Pascual Deltell"},"content":{"rendered":"<h2>\u00bfDesde cu\u00e1ndo y c\u00f3mo empezaste a formar parte de la empresa?<\/h2>\n<p>Desde 1988 como conductor de ba\u00f1eras.<\/p>\n<h2>A t\u00fa parecer, \u00bfqu\u00e9 cualidades destacar\u00edas de la compa\u00f1\u00eda, y cu\u00e1les crees que son los valores que mejor nos definen? <\/h2>\n<p>Equipo comprometido e implicado, efectividad, puntualidad, responsabilidad y honestidad, transparencia y ser una gran familia que siempre esta cuando la necesitas.<\/p>\n<h2>\u00bfCu\u00e1l es nuestro punto fuerte? <\/h2>\n<p>La experiencia. La experiencia nos da la capacidad de prever posibles necesidades de nuestros clientes y resolver cuestiones repentinas con efectividad y rapidez.<\/p>\n<h2>Despu\u00e9s de estos 60 a\u00f1os: \u00bfde qu\u00e9 te sientes m\u00e1s orgulloso?<\/h2>\n<p>De poder seguir poniendo mi granito de arena al servicio de la empresa y seguir creciendo como lo estamos haciendo, todos unidos y todos a una.<\/p>\n","protected":false},"excerpt":{"rendered":"<p>\u00bfDesde cu\u00e1ndo y c\u00f3mo empezaste a formar parte de la empresa? Desde 1988 como conductor de ba\u00f1eras. A t\u00fa parecer, \u00bfqu\u00e9 cualidades destacar\u00edas de la compa\u00f1\u00eda, y cu\u00e1les crees que son los valores que mejor nos definen? Equipo comprometido e implicado, efectividad, puntualidad, responsabilidad y honestidad, transparencia y ser una gran familia que siempre esta [&hellip;]<\/p>\n","protected":false},"author":1,"featured_media":2344,"comment_status":"open","ping_status":"open","sticky":false,"template":"","format":"standard","meta":{"footnotes":""},"categories":[13],"tags":[],"class_list":["post-2143","post","type-post","status-publish","format-standard","has-post-thumbnail","hentry","category-protagonistas"],"_links":{"self":[{"href":"https:\/\/primafrio.com\/60-aniversario\/wp-json\/wp\/v2\/posts\/2143","targetHints":{"allow":["GET"]}}],"collection":[{"href":"https:\/\/primafrio.com\/60-aniversario\/wp-json\/wp\/v2\/posts"}],"about":[{"href":"https:\/\/primafrio.com\/60-aniversario\/wp-json\/wp\/v2\/types\/post"}],"author":[{"embeddable":true,"href":"https:\/\/primafrio.com\/60-aniversario\/wp-json\/wp\/v2\/users\/1"}],"replies":[{"embeddable":true,"href":"https:\/\/primafrio.com\/60-aniversario\/wp-json\/wp\/v2\/comments?post=2143"}],"version-history":[{"count":5,"href":"https:\/\/primafrio.com\/60-aniversario\/wp-json\/wp\/v2\/posts\/2143\/revisions"}],"predecessor-version":[{"id":2552,"href":"https:\/\/primafrio.com\/60-aniversario\/wp-json\/wp\/v2\/posts\/2143\/revisions\/2552"}],"wp:featuredmedia":[{"embeddable":true,"href":"https:\/\/primafrio.com\/60-aniversario\/wp-json\/wp\/v2\/media\/2344"}],"wp:attachment":[{"href":"https:\/\/primafrio.com\/60-aniversario\/wp-json\/wp\/v2\/media?parent=2143"}],"wp:term":[{"taxonomy":"category","embeddable":true,"href":"https:\/\/primafrio.com\/60-aniversario\/wp-json\/wp\/v2\/categories?post=2143"},{"taxonomy":"post_tag","embeddable":true,"href":"https:\/\/primafrio.com\/60-aniversario\/wp-json\/wp\/v2\/tags?post=2143"}],"curies":[{"name":"wp","href":"https:\/\/api.w.org\/{rel}","templated":true}]}}