{"id":2140,"date":"2023-06-10T18:05:32","date_gmt":"2023-06-10T16:05:32","guid":{"rendered":"https:\/\/primafrio.com\/60-aniversario\/?p=2140"},"modified":"2023-12-28T12:10:34","modified_gmt":"2023-12-28T11:10:34","slug":"jose-manuel-dominguez","status":"publish","type":"post","link":"https:\/\/primafrio.com\/60-aniversario\/jose-manuel-dominguez\/","title":{"rendered":"Jos\u00e9 Manuel Dom\u00ednguez"},"content":{"rendered":"<h2>\u00bfDesde cu\u00e1ndo y c\u00f3mo empezaste a formar parte de la empresa?<\/h2>\n<p> Empec\u00e9 a trabajar en Primafrio en 1994 en la finca la Marruza, Lepe con don Jos\u00e9 Conesa J\u00edmenez donde, a continuaci\u00f3n, se empieza la construcci\u00f3n de la sede de la base de Lepe que se inaugura en octubre del 1996 y en esos dos a\u00f1os llev\u00e1bamos la log\u00edstica de la empresa desde la roulotte de Pancosa con Don Jos\u00e9 Esteban Conesa Alcaraz. <\/p>\n<h2>A t\u00fa parecer, \u00bfqu\u00e9 cualidades destacar\u00edas de la compa\u00f1\u00eda, y cu\u00e1les crees que son los valores que mejor nos definen? <\/h2>\n<p>Son muchas las cualidades a destacar de la compa\u00f1\u00eda. Es una compa\u00f1\u00eda con muchos y muy buenos valores y muy comprometida con sus clientes y equipo humano.<\/p>\n<h2>\u00bfCu\u00e1l es nuestro punto fuerte? <\/h2>\n<p>Ser una de las primeras y empresa de transporte por carretera con frio controlado.<\/p>\n<h2>Despu\u00e9s de estos 60 a\u00f1os: \u00bfde qu\u00e9 te sientes m\u00e1s orgulloso?<\/h2>\n<p>Estoy orgulloso y agradecido de haber participado y colaborado en un proyecto como el que tiene la empresa Primafrio.<\/p>\n<h2>\u00bfTienes alguna experiencia rese\u00f1able o alg\u00fan momento que guardes de manera especial en tu memoria?<\/h2>\n<p>Tengo muchos momentos y experiencias a lo largo de mi vida laboral en Primafrio por la intensidad y compromisos que he tenido con la empresa he tenido muchos momentos buenos y otros no tan buenos pero siempre despu\u00e9s del malo ha llegado la parte buena con todos los compa\u00f1eros que siempre ha sido muy gratificante.<\/p>\n","protected":false},"excerpt":{"rendered":"<p>\u00bfDesde cu\u00e1ndo y c\u00f3mo empezaste a formar parte de la empresa? Empec\u00e9 a trabajar en Primafrio en 1994 en la finca la Marruza, Lepe con don Jos\u00e9 Conesa J\u00edmenez donde, a continuaci\u00f3n, se empieza la construcci\u00f3n de la sede de la base de Lepe que se inaugura en octubre del 1996 y en esos dos [&hellip;]<\/p>\n","protected":false},"author":1,"featured_media":2345,"comment_status":"open","ping_status":"open","sticky":false,"template":"","format":"standard","meta":{"footnotes":""},"categories":[13],"tags":[],"class_list":["post-2140","post","type-post","status-publish","format-standard","has-post-thumbnail","hentry","category-protagonistas"],"_links":{"self":[{"href":"https:\/\/primafrio.com\/60-aniversario\/wp-json\/wp\/v2\/posts\/2140","targetHints":{"allow":["GET"]}}],"collection":[{"href":"https:\/\/primafrio.com\/60-aniversario\/wp-json\/wp\/v2\/posts"}],"about":[{"href":"https:\/\/primafrio.com\/60-aniversario\/wp-json\/wp\/v2\/types\/post"}],"author":[{"embeddable":true,"href":"https:\/\/primafrio.com\/60-aniversario\/wp-json\/wp\/v2\/users\/1"}],"replies":[{"embeddable":true,"href":"https:\/\/primafrio.com\/60-aniversario\/wp-json\/wp\/v2\/comments?post=2140"}],"version-history":[{"count":6,"href":"https:\/\/primafrio.com\/60-aniversario\/wp-json\/wp\/v2\/posts\/2140\/revisions"}],"predecessor-version":[{"id":2782,"href":"https:\/\/primafrio.com\/60-aniversario\/wp-json\/wp\/v2\/posts\/2140\/revisions\/2782"}],"wp:featuredmedia":[{"embeddable":true,"href":"https:\/\/primafrio.com\/60-aniversario\/wp-json\/wp\/v2\/media\/2345"}],"wp:attachment":[{"href":"https:\/\/primafrio.com\/60-aniversario\/wp-json\/wp\/v2\/media?parent=2140"}],"wp:term":[{"taxonomy":"category","embeddable":true,"href":"https:\/\/primafrio.com\/60-aniversario\/wp-json\/wp\/v2\/categories?post=2140"},{"taxonomy":"post_tag","embeddable":true,"href":"https:\/\/primafrio.com\/60-aniversario\/wp-json\/wp\/v2\/tags?post=2140"}],"curies":[{"name":"wp","href":"https:\/\/api.w.org\/{rel}","templated":true}]}}