{"id":2135,"date":"2023-06-24T17:53:21","date_gmt":"2023-06-24T15:53:21","guid":{"rendered":"https:\/\/primafrio.com\/60-aniversario\/?p=2135"},"modified":"2023-12-13T10:44:34","modified_gmt":"2023-12-13T09:44:34","slug":"lino-maio","status":"publish","type":"post","link":"https:\/\/primafrio.com\/60-aniversario\/lino-maio\/","title":{"rendered":"Lino Cuhna"},"content":{"rendered":"<h2>\u00bfDesde cu\u00e1ndo empezaste a formar parte de la empresa?<\/h2>\n<p>Empec\u00e9 con esta familia en marzo de 2002 con Paconsa hasta el d\u00eda de hoy. <\/p>\n<h2>A tu parecer, \u00bfqu\u00e9 cualidades destacar\u00edas de la compa\u00f1\u00eda, y cu\u00e1les crees que son los valores que mejor nos definen? <\/h2>\n<p>Somos una empresa puntera y queremos ser siempre los n\u00fameros 1 en el transporte por carretera. Como he dicho antes, somos una gran familia y en esta empresa formamos un grupo humano incre\u00edble.<\/p>\n<h2>\u00bfCu\u00e1l es nuestro punto fuerte? <\/h2>\n<p>La exigencia diaria de querer hacer un trabajo perfecto. <\/p>\n<h2>Despu\u00e9s de estos 60 a\u00f1os: \u00bfde qu\u00e9 te sientes m\u00e1s orgulloso? <\/h2>\n<p>Me siento orgulloso de conocer la historia de esta gran familia y haber podido contribuir al crecimiento de esta.<\/p>\n<h2>\u00bfTienes alguna experiencia rese\u00f1able o alg\u00fan momento que guardes de manera especial en tu memoria? <\/h2>\n<p>El d\u00eda en que mi hijo, Lino Maio, me pidi\u00f3 que quer\u00eda venir a trabajar conmigo y formar parte de la historia de Primafrio.<\/p>\n","protected":false},"excerpt":{"rendered":"<p>\u00bfDesde cu\u00e1ndo empezaste a formar parte de la empresa? Empec\u00e9 con esta familia en marzo de 2002 con Paconsa hasta el d\u00eda de hoy. A tu parecer, \u00bfqu\u00e9 cualidades destacar\u00edas de la compa\u00f1\u00eda, y cu\u00e1les crees que son los valores que mejor nos definen? Somos una empresa puntera y queremos ser siempre los n\u00fameros 1 [&hellip;]<\/p>\n","protected":false},"author":1,"featured_media":2346,"comment_status":"open","ping_status":"open","sticky":false,"template":"","format":"standard","meta":{"footnotes":""},"categories":[13],"tags":[],"class_list":["post-2135","post","type-post","status-publish","format-standard","has-post-thumbnail","hentry","category-protagonistas"],"_links":{"self":[{"href":"https:\/\/primafrio.com\/60-aniversario\/wp-json\/wp\/v2\/posts\/2135","targetHints":{"allow":["GET"]}}],"collection":[{"href":"https:\/\/primafrio.com\/60-aniversario\/wp-json\/wp\/v2\/posts"}],"about":[{"href":"https:\/\/primafrio.com\/60-aniversario\/wp-json\/wp\/v2\/types\/post"}],"author":[{"embeddable":true,"href":"https:\/\/primafrio.com\/60-aniversario\/wp-json\/wp\/v2\/users\/1"}],"replies":[{"embeddable":true,"href":"https:\/\/primafrio.com\/60-aniversario\/wp-json\/wp\/v2\/comments?post=2135"}],"version-history":[{"count":4,"href":"https:\/\/primafrio.com\/60-aniversario\/wp-json\/wp\/v2\/posts\/2135\/revisions"}],"predecessor-version":[{"id":2504,"href":"https:\/\/primafrio.com\/60-aniversario\/wp-json\/wp\/v2\/posts\/2135\/revisions\/2504"}],"wp:featuredmedia":[{"embeddable":true,"href":"https:\/\/primafrio.com\/60-aniversario\/wp-json\/wp\/v2\/media\/2346"}],"wp:attachment":[{"href":"https:\/\/primafrio.com\/60-aniversario\/wp-json\/wp\/v2\/media?parent=2135"}],"wp:term":[{"taxonomy":"category","embeddable":true,"href":"https:\/\/primafrio.com\/60-aniversario\/wp-json\/wp\/v2\/categories?post=2135"},{"taxonomy":"post_tag","embeddable":true,"href":"https:\/\/primafrio.com\/60-aniversario\/wp-json\/wp\/v2\/tags?post=2135"}],"curies":[{"name":"wp","href":"https:\/\/api.w.org\/{rel}","templated":true}]}}