{"id":2132,"date":"2023-06-19T17:51:12","date_gmt":"2023-06-19T15:51:12","guid":{"rendered":"https:\/\/primafrio.com\/60-aniversario\/?p=2132"},"modified":"2023-12-20T10:31:48","modified_gmt":"2023-12-20T09:31:48","slug":"victor-prieto","status":"publish","type":"post","link":"https:\/\/primafrio.com\/60-aniversario\/victor-prieto\/","title":{"rendered":"V\u00edctor Prieto"},"content":{"rendered":"<h2>\u00bfDesde cu\u00e1ndo empezaste a formar parte de la empresa?<\/h2>\n<p>Empec\u00e9 a trabajar en 1996. En esa \u00e9poca, mi madre y Vicente, hermano de Fina -madre de Jos\u00e9 Esteban- se conoc\u00edan, y \u00e9ste le propuso si quer\u00eda entrar en la empresa. As\u00ed comenz\u00f3 mi andadura en lo que era Paconsa -actual Primafr\u00edo-. <\/p>\n<h2>A tu parecer, \u00bfqu\u00e9 cualidades destacar\u00edas de la compa\u00f1\u00eda, y cu\u00e1les crees que son los valores que mejor nos definen? <\/h2>\n<p>Destacar\u00eda, entre otras, el compromiso a la vez que trato cercano con clientes, proveedores, conductores, personal\u2026, y la continua innovaci\u00f3n en todas las \u00e1reas para mejorar d\u00eda a d\u00eda. Cualidades que tambi\u00e9n son valores que nos definen, y gracias a ellos crecemos como empresa referente a nivel internacional. <\/p>\n<h2>\u00bfCu\u00e1l es nuestro punto fuerte? <\/h2>\n<p>La enorme diversificaci\u00f3n que tenemos, lo que nos permite abarcar todo tipo de viajes, mercanc\u00edas, as\u00ed como formaci\u00f3n continua tanto en log\u00edstica como en conducci\u00f3n eficiente. <\/p>\n<h2>Despu\u00e9s de estos 60 a\u00f1os, \u00bfde qu\u00e9 te sientes m\u00e1s orgulloso? <\/h2>\n<p>Me siento orgulloso de ver la evoluci\u00f3n de la empresa. El crecimiento y expansi\u00f3n de la misma, manteniendo valores desde el inicio que tan bien la representan. <\/p>\n<h2>\u00bfTienes alguna experiencia rese\u00f1able o alg\u00fan momento que guardes de manera especial en tu memoria? <\/h2>\n<p>Recuerdo, los primeros a\u00f1os, cuando el n\u00famero de ch\u00f3feres, personal de oficina y gerencia, nos hac\u00eda ser una peque\u00f1a gran familia, y en Navidades, un d\u00eda nos junt\u00e1bamos el mayor n\u00famero posible de personas en las instalaciones, y celebr\u00e1bamos una gran comida. Ese d\u00eda era una fiesta, de donde sal\u00eda una uni\u00f3n a\u00fan m\u00e1s fuerte entre todos los componentes de la empresa. <\/p>\n","protected":false},"excerpt":{"rendered":"<p>\u00bfDesde cu\u00e1ndo empezaste a formar parte de la empresa? Empec\u00e9 a trabajar en 1996. En esa \u00e9poca, mi madre y Vicente, hermano de Fina -madre de Jos\u00e9 Esteban- se conoc\u00edan, y \u00e9ste le propuso si quer\u00eda entrar en la empresa. As\u00ed comenz\u00f3 mi andadura en lo que era Paconsa -actual Primafr\u00edo-. A tu parecer, \u00bfqu\u00e9 [&hellip;]<\/p>\n","protected":false},"author":1,"featured_media":2347,"comment_status":"open","ping_status":"open","sticky":false,"template":"","format":"standard","meta":{"footnotes":""},"categories":[13],"tags":[],"class_list":["post-2132","post","type-post","status-publish","format-standard","has-post-thumbnail","hentry","category-protagonistas"],"_links":{"self":[{"href":"https:\/\/primafrio.com\/60-aniversario\/wp-json\/wp\/v2\/posts\/2132","targetHints":{"allow":["GET"]}}],"collection":[{"href":"https:\/\/primafrio.com\/60-aniversario\/wp-json\/wp\/v2\/posts"}],"about":[{"href":"https:\/\/primafrio.com\/60-aniversario\/wp-json\/wp\/v2\/types\/post"}],"author":[{"embeddable":true,"href":"https:\/\/primafrio.com\/60-aniversario\/wp-json\/wp\/v2\/users\/1"}],"replies":[{"embeddable":true,"href":"https:\/\/primafrio.com\/60-aniversario\/wp-json\/wp\/v2\/comments?post=2132"}],"version-history":[{"count":4,"href":"https:\/\/primafrio.com\/60-aniversario\/wp-json\/wp\/v2\/posts\/2132\/revisions"}],"predecessor-version":[{"id":2560,"href":"https:\/\/primafrio.com\/60-aniversario\/wp-json\/wp\/v2\/posts\/2132\/revisions\/2560"}],"wp:featuredmedia":[{"embeddable":true,"href":"https:\/\/primafrio.com\/60-aniversario\/wp-json\/wp\/v2\/media\/2347"}],"wp:attachment":[{"href":"https:\/\/primafrio.com\/60-aniversario\/wp-json\/wp\/v2\/media?parent=2132"}],"wp:term":[{"taxonomy":"category","embeddable":true,"href":"https:\/\/primafrio.com\/60-aniversario\/wp-json\/wp\/v2\/categories?post=2132"},{"taxonomy":"post_tag","embeddable":true,"href":"https:\/\/primafrio.com\/60-aniversario\/wp-json\/wp\/v2\/tags?post=2132"}],"curies":[{"name":"wp","href":"https:\/\/api.w.org\/{rel}","templated":true}]}}