{"id":1987,"date":"2023-07-09T11:54:39","date_gmt":"2023-07-09T09:54:39","guid":{"rendered":"https:\/\/primafrio.com\/60-aniversario\/?p=1987"},"modified":"2023-12-13T11:05:51","modified_gmt":"2023-12-13T10:05:51","slug":"inma-martinez-2","status":"publish","type":"post","link":"https:\/\/primafrio.com\/60-aniversario\/inma-martinez-2\/","title":{"rendered":"Inma Mart\u00ednez"},"content":{"rendered":"<h2>\u00bfDesde cu\u00e1ndo y c\u00f3mo empezaste a formar parte de la empresa?<\/h2>\n<p>Mis comienzos se remontan al a\u00f1o 2002 como personal en pr\u00e1cticas, completando as\u00ed mi formaci\u00f3n profesional superior en Gesti\u00f3n del Transporte.<\/p>\n<h2>A t\u00fa parecer, \u00bfqu\u00e9 cualidades destacar\u00edas de la compa\u00f1\u00eda, y cu\u00e1les crees que son los valores que mejor nos definen?<\/h2>\n<ul>\n<li>Personas. El talento y el gran valor de su capital humano.<\/li>\n<li>Cercan\u00eda. Compromiso diario y cercan\u00eda por parte de gerencia.<\/li>\n<li>\u00c9xito y excelencia. Trabajar por conseguir ser un referente en el sector con una competitividad de nuestra oferta de servicio y satisfacci\u00f3n de nuestros clientes. Siempre con una flota segura y actualizada.<\/li>\n<li>Tecnolog\u00eda y Formaci\u00f3n. Evoluci\u00f3n y adaptaci\u00f3n constante en el \u00e1mbito tecnol\u00f3gico y de gesti\u00f3n respaldado siempre por la formaci\u00f3n continua.<\/li>\n<li>Responsabilidad. Tanto en la vertiente social como en la ecol\u00f3gica y sostenible.<\/li>\n<li>Solidaridad. La Fundaci\u00f3n Primafrio con el objetivo de difundir la solidaridad, apoyando proyectos sociales y consiguiendo impactos positivos en la sociedad sin \u00e1nimo de lucro.<\/li>\n<\/ul>\n<h2>\u00bfCu\u00e1l es nuestro punto fuerte?<\/h2>\n<p>Sin duda las personas que formamos la familia Primafrio.<\/p>\n<h2>Despu\u00e9s de estos 60 a\u00f1os: \u00bfde qu\u00e9 te sientes m\u00e1s orgullosa?<\/h2>\n<p>Me siento orgullosa de pertenecer a una empresa l\u00edder en el sector y haber podido ser part\u00edcipe de ese \u00e9xito durante todos estos a\u00f1os.<\/p>\n<h2>\u00bfTienes alguna experiencia rese\u00f1able o alg\u00fan momento que guardes de manera especial en tu memoria?<\/h2>\n<p>Guardo con especial cari\u00f1o mis comienzos, la uni\u00f3n, ese v\u00ednculo que hoy en d\u00eda a\u00fan nos une. Todos los momentos vividos con mis compa\u00f1eros, con todas las personas que he colaborado y que me han permitido crecer personal y profesionalmente a lo largo de todos estos a\u00f1os, haciendo menci\u00f3n especial en este aspecto a Paco Hern\u00e1ndez y Antonio Ruiz.<\/p>\n<p>Y como no, la cercan\u00eda desde gerencia, que siempre me han permitido ser yo.<\/p>\n","protected":false},"excerpt":{"rendered":"<p>\u00bfDesde cu\u00e1ndo y c\u00f3mo empezaste a formar parte de la empresa? Mis comienzos se remontan al a\u00f1o 2002 como personal en pr\u00e1cticas, completando as\u00ed mi formaci\u00f3n profesional superior en Gesti\u00f3n del Transporte. A t\u00fa parecer, \u00bfqu\u00e9 cualidades destacar\u00edas de la compa\u00f1\u00eda, y cu\u00e1les crees que son los valores que mejor nos definen? Personas. El talento [&hellip;]<\/p>\n","protected":false},"author":1,"featured_media":2348,"comment_status":"open","ping_status":"open","sticky":false,"template":"","format":"standard","meta":{"footnotes":""},"categories":[13],"tags":[],"class_list":["post-1987","post","type-post","status-publish","format-standard","has-post-thumbnail","hentry","category-protagonistas"],"_links":{"self":[{"href":"https:\/\/primafrio.com\/60-aniversario\/wp-json\/wp\/v2\/posts\/1987","targetHints":{"allow":["GET"]}}],"collection":[{"href":"https:\/\/primafrio.com\/60-aniversario\/wp-json\/wp\/v2\/posts"}],"about":[{"href":"https:\/\/primafrio.com\/60-aniversario\/wp-json\/wp\/v2\/types\/post"}],"author":[{"embeddable":true,"href":"https:\/\/primafrio.com\/60-aniversario\/wp-json\/wp\/v2\/users\/1"}],"replies":[{"embeddable":true,"href":"https:\/\/primafrio.com\/60-aniversario\/wp-json\/wp\/v2\/comments?post=1987"}],"version-history":[{"count":4,"href":"https:\/\/primafrio.com\/60-aniversario\/wp-json\/wp\/v2\/posts\/1987\/revisions"}],"predecessor-version":[{"id":2534,"href":"https:\/\/primafrio.com\/60-aniversario\/wp-json\/wp\/v2\/posts\/1987\/revisions\/2534"}],"wp:featuredmedia":[{"embeddable":true,"href":"https:\/\/primafrio.com\/60-aniversario\/wp-json\/wp\/v2\/media\/2348"}],"wp:attachment":[{"href":"https:\/\/primafrio.com\/60-aniversario\/wp-json\/wp\/v2\/media?parent=1987"}],"wp:term":[{"taxonomy":"category","embeddable":true,"href":"https:\/\/primafrio.com\/60-aniversario\/wp-json\/wp\/v2\/categories?post=1987"},{"taxonomy":"post_tag","embeddable":true,"href":"https:\/\/primafrio.com\/60-aniversario\/wp-json\/wp\/v2\/tags?post=1987"}],"curies":[{"name":"wp","href":"https:\/\/api.w.org\/{rel}","templated":true}]}}