{"id":1738,"date":"2023-06-23T10:56:21","date_gmt":"2023-06-23T08:56:21","guid":{"rendered":"https:\/\/primafrio.com\/60-aniversario\/?p=1738"},"modified":"2023-12-27T11:25:25","modified_gmt":"2023-12-27T10:25:25","slug":"daniel-perez","status":"publish","type":"post","link":"https:\/\/primafrio.com\/60-aniversario\/daniel-perez\/","title":{"rendered":"Daniel P\u00e9rez"},"content":{"rendered":"<h2>\u00bfDesde cu\u00e1ndo y c\u00f3mo empezaste a formar parte de la empresa?<\/h2>\n<p>Llegue a Primafrio en enero de 2014, por el azar, que quiso que conociera a Juan Conesa en una de sus visitas a Barcelona. Despu\u00e9s de cruzar cuatro palabras en el hall de un hotel de Barcelona pas\u00e9 a formar parte de la plantilla de esta empresa.<\/p>\n<h2>A t\u00fa parecer, \u00bfqu\u00e9 cualidades destacar\u00edas de la compa\u00f1\u00eda, y cu\u00e1les crees que son los valores que mejor nos definen?<\/h2>\n<p>A lo largo de estos a\u00f1os que he tenido tiempo de conocer mejor el funcionamiento de la empresa y sus integrantes, sin duda alguna, destacar\u00eda la dedicaci\u00f3n, el esfuerzo y el trato recibido por cada uno de los integrantes de este equipo. Por parte de la direcci\u00f3n de la empresa siempre me asombra la fuerza y el empuje por las ganas de innovar constantemente.<\/p>\n<h2>\u00bfCu\u00e1l es nuestro punto fuerte?<\/h2>\n<p>Sin duda la fiabilidad y la tranquilidad que transmitimos a nuestros clientes cuando nos conf\u00edan sus transportes. Esto no ser\u00eda posible sin el esfuerzo de todo el equipo.<\/p>\n<h2>Despu\u00e9s de estos 60 a\u00f1os: \u00bfde qu\u00e9 te sientes m\u00e1s orgulloso?<\/h2>\n<p>En lo profesional dir\u00eda que formar parte de una compa\u00f1\u00eda con tanta proyecci\u00f3n de futuro.<\/p>\n<p>En lo personal cada uno de los logros y metas alcanzados en estos a\u00f1os que no habr\u00edan sido posible sin contar con el apoyo de todo el equipo humano que forma Primafrio.<\/p>\n<h2>\u00bfTienes alguna experiencia rese\u00f1able o alg\u00fan momento que guardes de manera especial en tu memoria?<\/h2>\n<p>Sin duda alguna, me quedo con esas peque\u00f1as an\u00e9cdotas inconfesable vividas con los compa\u00f1eros en las cenas de empresa, puesto que al estar todo el a\u00f1o a distancia. En esos momentos m\u00e1s distendidos, evadidos de las tensiones del d\u00eda a d\u00eda nos permite aproximarnos unos a otros de una forma m\u00e1s humana.<\/p>\n","protected":false},"excerpt":{"rendered":"<p>\u00bfDesde cu\u00e1ndo y c\u00f3mo empezaste a formar parte de la empresa? Llegue a Primafrio en enero de 2014, por el azar, que quiso que conociera a Juan Conesa en una de sus visitas a Barcelona. Despu\u00e9s de cruzar cuatro palabras en el hall de un hotel de Barcelona pas\u00e9 a formar parte de la plantilla [&hellip;]<\/p>\n","protected":false},"author":1,"featured_media":2623,"comment_status":"open","ping_status":"open","sticky":false,"template":"","format":"standard","meta":{"footnotes":""},"categories":[13],"tags":[],"class_list":["post-1738","post","type-post","status-publish","format-standard","has-post-thumbnail","hentry","category-protagonistas"],"_links":{"self":[{"href":"https:\/\/primafrio.com\/60-aniversario\/wp-json\/wp\/v2\/posts\/1738","targetHints":{"allow":["GET"]}}],"collection":[{"href":"https:\/\/primafrio.com\/60-aniversario\/wp-json\/wp\/v2\/posts"}],"about":[{"href":"https:\/\/primafrio.com\/60-aniversario\/wp-json\/wp\/v2\/types\/post"}],"author":[{"embeddable":true,"href":"https:\/\/primafrio.com\/60-aniversario\/wp-json\/wp\/v2\/users\/1"}],"replies":[{"embeddable":true,"href":"https:\/\/primafrio.com\/60-aniversario\/wp-json\/wp\/v2\/comments?post=1738"}],"version-history":[{"count":3,"href":"https:\/\/primafrio.com\/60-aniversario\/wp-json\/wp\/v2\/posts\/1738\/revisions"}],"predecessor-version":[{"id":2502,"href":"https:\/\/primafrio.com\/60-aniversario\/wp-json\/wp\/v2\/posts\/1738\/revisions\/2502"}],"wp:featuredmedia":[{"embeddable":true,"href":"https:\/\/primafrio.com\/60-aniversario\/wp-json\/wp\/v2\/media\/2623"}],"wp:attachment":[{"href":"https:\/\/primafrio.com\/60-aniversario\/wp-json\/wp\/v2\/media?parent=1738"}],"wp:term":[{"taxonomy":"category","embeddable":true,"href":"https:\/\/primafrio.com\/60-aniversario\/wp-json\/wp\/v2\/categories?post=1738"},{"taxonomy":"post_tag","embeddable":true,"href":"https:\/\/primafrio.com\/60-aniversario\/wp-json\/wp\/v2\/tags?post=1738"}],"curies":[{"name":"wp","href":"https:\/\/api.w.org\/{rel}","templated":true}]}}