{"id":1735,"date":"2023-06-21T10:53:44","date_gmt":"2023-06-21T08:53:44","guid":{"rendered":"https:\/\/primafrio.com\/60-aniversario\/?p=1735"},"modified":"2023-12-13T10:42:29","modified_gmt":"2023-12-13T09:42:29","slug":"esther-ballester","status":"publish","type":"post","link":"https:\/\/primafrio.com\/60-aniversario\/esther-ballester\/","title":{"rendered":"Esther Ballester"},"content":{"rendered":"<h2>\u00bfDesde cu\u00e1ndo y c\u00f3mo empezaste a formar parte de la empresa?<\/h2>\n<p>Comenc\u00e9 en Primafrio en julio del 2010, en el departamento de administraci\u00f3n como responsable de la parte contable y financiera acompa\u00f1ada de Antonio Ruiz y Jos\u00e9 S\u00e1nchez.<\/p>\n<h2>A t\u00fa parecer, \u00bfqu\u00e9 cualidades destacar\u00edas de la compa\u00f1\u00eda, y cu\u00e1les crees que son los valores que mejor nos definen?<\/h2>\n<p>Lo que m\u00e1s destacar\u00eda de esta empresa es la capacidad de evoluci\u00f3n y cambio, de inconformismo y empuje para evolucionar y crecer, primero para ser la primera en el sector y luego ser promotora y participe de esta transformaci\u00f3n que se est\u00e1 produciendo en el sector log\u00edstico.<\/p>\n<p>Como valores, que la definen ser\u00eda:<\/p>\n<ul>\n<li>Constancia, trabajo arduo y continuo hacia una meta.<\/li>\n<li>Pasi\u00f3n, ligado al anterior valor, dado que este se nutre de la fuerza y la energ\u00eda para mantener esa perseverancia necesaria del d\u00eda a d\u00eda.<\/li>\n<li>Excelencia, se nos convida a ofrecer tanto a clientes como compa\u00f1eros lo mejor de nosotros mismos, para alcanzar a ser una empresa de referencia.<\/li>\n<\/ul>\n<h2>\u00bfCu\u00e1l es nuestro punto fuerte?<\/h2>\n<p>Como punto fuerte, a pesar del manido concepto, para m\u00ed son las personas que lo componen. En toda organizaci\u00f3n, hay unos pilares fundamentales que sostienen a las grandes entidades, en algunos casos se trata de un gran l\u00edder, pero creo que, en esta, junto a esta figura, se basa en un gran equipo que lo sustenta, en todos los estamentos, desde el m\u00e1s b\u00e1sico hasta la alta direcci\u00f3n. Formado por incre\u00edbles y extraordinarias personas transmisoras de estos valores y que inoculan de esta cultura a los presentes y venideros.<\/p>\n<h2>Despu\u00e9s de estos 60 a\u00f1os: \u00bfde qu\u00e9 te sientes m\u00e1s orgulloso?<\/h2>\n<p>A veces, s\u00ed que admiro a la empresa donde trabajo, quiz\u00e1s por acto reflejo de una Sociedad que valora m\u00e1s estas grandes empresas que van creciendo en reputaci\u00f3n y prestigio, sinti\u00e9ndome parte, aunque muy peque\u00f1a de este \u00e9xito, pero otras veces siento que las cosas se pueden hacer mejor y es lo que me impulsa a trabajar para lograrlo, por ello siento que todav\u00eda hay muchas cosas por hacer y esta es la mejor empresa propicia para hacerlo.<\/p>\n<h2>\u00bfTienes alguna experiencia rese\u00f1able o alg\u00fan momento que guardes de manera especial en tu memoria?<\/h2>\n<p>An\u00e9cdotas, hay muchas, y de toda \u00edndole, entra\u00f1ables, graciosas y otras no tanto, pero me quedar\u00eda con el d\u00eda a d\u00eda compartido con mis compa\u00f1eros pasados y presentes, con sus personalidades y man\u00edas, el humor descarado e irreverente de Santiago Gil, o s\u00e1tiro de Juanra, las historias de Paco Hern\u00e1ndez, los consejos de Antonio Ruiz, los valores y honestidad de Santiago L\u00f3pez, el car\u00e1cter de \u00c1ngel Luis, las discusiones con Antonio Garre y departamento de Inform\u00e1tica, jornadas maratonianas de implantaci\u00f3n de sistemas, auditor\u00eda, inspecciones.. que hacen pi\u00f1a y establece un lazo m\u00e1s all\u00e1 de una relaci\u00f3n laboral.<\/p>\n<p>No me olvido de otras tantas de la Fundaci\u00f3n\u2026 que espero que Manolo y Loles no las hayan desvelado.<\/p>\n","protected":false},"excerpt":{"rendered":"<p>\u00bfDesde cu\u00e1ndo y c\u00f3mo empezaste a formar parte de la empresa? Comenc\u00e9 en Primafrio en julio del 2010, en el departamento de administraci\u00f3n como responsable de la parte contable y financiera acompa\u00f1ada de Antonio Ruiz y Jos\u00e9 S\u00e1nchez. A t\u00fa parecer, \u00bfqu\u00e9 cualidades destacar\u00edas de la compa\u00f1\u00eda, y cu\u00e1les crees que son los valores que [&hellip;]<\/p>\n","protected":false},"author":1,"featured_media":2351,"comment_status":"open","ping_status":"open","sticky":false,"template":"","format":"standard","meta":{"footnotes":""},"categories":[13],"tags":[],"class_list":["post-1735","post","type-post","status-publish","format-standard","has-post-thumbnail","hentry","category-protagonistas"],"_links":{"self":[{"href":"https:\/\/primafrio.com\/60-aniversario\/wp-json\/wp\/v2\/posts\/1735","targetHints":{"allow":["GET"]}}],"collection":[{"href":"https:\/\/primafrio.com\/60-aniversario\/wp-json\/wp\/v2\/posts"}],"about":[{"href":"https:\/\/primafrio.com\/60-aniversario\/wp-json\/wp\/v2\/types\/post"}],"author":[{"embeddable":true,"href":"https:\/\/primafrio.com\/60-aniversario\/wp-json\/wp\/v2\/users\/1"}],"replies":[{"embeddable":true,"href":"https:\/\/primafrio.com\/60-aniversario\/wp-json\/wp\/v2\/comments?post=1735"}],"version-history":[{"count":2,"href":"https:\/\/primafrio.com\/60-aniversario\/wp-json\/wp\/v2\/posts\/1735\/revisions"}],"predecessor-version":[{"id":2500,"href":"https:\/\/primafrio.com\/60-aniversario\/wp-json\/wp\/v2\/posts\/1735\/revisions\/2500"}],"wp:featuredmedia":[{"embeddable":true,"href":"https:\/\/primafrio.com\/60-aniversario\/wp-json\/wp\/v2\/media\/2351"}],"wp:attachment":[{"href":"https:\/\/primafrio.com\/60-aniversario\/wp-json\/wp\/v2\/media?parent=1735"}],"wp:term":[{"taxonomy":"category","embeddable":true,"href":"https:\/\/primafrio.com\/60-aniversario\/wp-json\/wp\/v2\/categories?post=1735"},{"taxonomy":"post_tag","embeddable":true,"href":"https:\/\/primafrio.com\/60-aniversario\/wp-json\/wp\/v2\/tags?post=1735"}],"curies":[{"name":"wp","href":"https:\/\/api.w.org\/{rel}","templated":true}]}}