{"id":1731,"date":"2023-07-16T10:48:31","date_gmt":"2023-07-16T08:48:31","guid":{"rendered":"https:\/\/primafrio.com\/60-aniversario\/?p=1731"},"modified":"2023-11-14T10:04:19","modified_gmt":"2023-11-14T09:04:19","slug":"wilson-macedo","status":"publish","type":"post","link":"https:\/\/primafrio.com\/60-aniversario\/wilson-macedo\/","title":{"rendered":"Wilson Macedo"},"content":{"rendered":"<h2>\u00bfDesde cu\u00e1ndo y c\u00f3mo empezaste a formar parte de la empresa?<\/h2>\n<p>Comenc\u00e9 en marzo del 2008 en la antigua oficina de Lepe, reci\u00e9n sacado el carnet y con una maleta en la espalda, le ped\u00ed trabajo a To\u00f1i como ch\u00f3fer.<\/p>\n<h2>A t\u00fa parecer, \u00bfqu\u00e9 cualidades destacar\u00edas de la compa\u00f1\u00eda, y cuales crees que son los valores que mejor nos definen?<\/h2>\n<p>Sin duda la mejor cualidad es el factor humano, porque todos te dan todo y m\u00e1s de lo que tengan para sacar adelante el trabajo, esto es, todos visten la camisa de la empresa con orgullo.<\/p>\n<h2>\u00bfCu\u00e1l es nuestro punto fuerte?<\/h2>\n<p>La profesionalidad y el compromiso con lo nuestro.<\/p>\n<h2>Despu\u00e9s de estos 60 a\u00f1os: \u00bfDe qu\u00e9 te sientes m\u00e1s orgulloso?<\/h2>\n<p>Es un orgullo participar de esta gran familia, ver como crece y percibir que el cielo es el l\u00edmite para el futuro.<\/p>\n<h2>\u00bfTienes alguna experiencia rese\u00f1able o alg\u00fan momento que guardes de manera especial en tu memoria?<\/h2>\n<p>Cuando Maribel me llam\u00f3 para decir que pasara a recoger un cami\u00f3n y pas\u00e9 a ser primer ch\u00f3fer.<\/p>\n","protected":false},"excerpt":{"rendered":"<p>\u00bfDesde cu\u00e1ndo y c\u00f3mo empezaste a formar parte de la empresa? Comenc\u00e9 en marzo del 2008 en la antigua oficina de Lepe, reci\u00e9n sacado el carnet y con una maleta en la espalda, le ped\u00ed trabajo a To\u00f1i como ch\u00f3fer. A t\u00fa parecer, \u00bfqu\u00e9 cualidades destacar\u00edas de la compa\u00f1\u00eda, y cuales crees que son los [&hellip;]<\/p>\n","protected":false},"author":1,"featured_media":2352,"comment_status":"open","ping_status":"open","sticky":false,"template":"","format":"standard","meta":{"footnotes":""},"categories":[13],"tags":[],"class_list":["post-1731","post","type-post","status-publish","format-standard","has-post-thumbnail","hentry","category-protagonistas"],"_links":{"self":[{"href":"https:\/\/primafrio.com\/60-aniversario\/wp-json\/wp\/v2\/posts\/1731","targetHints":{"allow":["GET"]}}],"collection":[{"href":"https:\/\/primafrio.com\/60-aniversario\/wp-json\/wp\/v2\/posts"}],"about":[{"href":"https:\/\/primafrio.com\/60-aniversario\/wp-json\/wp\/v2\/types\/post"}],"author":[{"embeddable":true,"href":"https:\/\/primafrio.com\/60-aniversario\/wp-json\/wp\/v2\/users\/1"}],"replies":[{"embeddable":true,"href":"https:\/\/primafrio.com\/60-aniversario\/wp-json\/wp\/v2\/comments?post=1731"}],"version-history":[{"count":2,"href":"https:\/\/primafrio.com\/60-aniversario\/wp-json\/wp\/v2\/posts\/1731\/revisions"}],"predecessor-version":[{"id":1993,"href":"https:\/\/primafrio.com\/60-aniversario\/wp-json\/wp\/v2\/posts\/1731\/revisions\/1993"}],"wp:featuredmedia":[{"embeddable":true,"href":"https:\/\/primafrio.com\/60-aniversario\/wp-json\/wp\/v2\/media\/2352"}],"wp:attachment":[{"href":"https:\/\/primafrio.com\/60-aniversario\/wp-json\/wp\/v2\/media?parent=1731"}],"wp:term":[{"taxonomy":"category","embeddable":true,"href":"https:\/\/primafrio.com\/60-aniversario\/wp-json\/wp\/v2\/categories?post=1731"},{"taxonomy":"post_tag","embeddable":true,"href":"https:\/\/primafrio.com\/60-aniversario\/wp-json\/wp\/v2\/tags?post=1731"}],"curies":[{"name":"wp","href":"https:\/\/api.w.org\/{rel}","templated":true}]}}