{"id":1728,"date":"2023-07-10T10:46:10","date_gmt":"2023-07-10T08:46:10","guid":{"rendered":"https:\/\/primafrio.com\/60-aniversario\/?p=1728"},"modified":"2023-12-29T09:43:23","modified_gmt":"2023-12-29T08:43:23","slug":"tomas-jimenez","status":"publish","type":"post","link":"https:\/\/primafrio.com\/60-aniversario\/tomas-jimenez\/","title":{"rendered":"Tom\u00e1s Jim\u00e9nez"},"content":{"rendered":"<h2>\u00bfDesde cu\u00e1ndo y c\u00f3mo empezaste a formar parte de la empresa?<\/h2>\n<p>Empec\u00e9 en noviembre de 2015 porque Manuel Mart\u00ednez me aviso de que hab\u00eda una vacante en el departamento. Conoc\u00eda a Manuel porque hab\u00edamos trabajado juntos durante muchos a\u00f1os en otra empresa donde yo hice las practicas.<\/p>\n<h2>A t\u00fa parecer, \u00bfqu\u00e9 cualidades destacar\u00edas de la compa\u00f1\u00eda, y cu\u00e1les crees que son los valores que mejor nos definen?<\/h2>\n<p>Una de las cualidades ser\u00eda el intentar crecer siempre un poco m\u00e1s y la apuesta por la innovaci\u00f3n.<\/p>\n<p>Los valores que destacar\u00eda ser\u00edan el compa\u00f1erismo, el buen ambiente entre los compa\u00f1eros y la pasi\u00f3n por el trabajo.<\/p>\n<h2>\u00bfCu\u00e1l es nuestro punto fuerte?<\/h2>\n<p>Como punto fuerte destacar\u00eda el tirar siempre hacia adelante, buscando soluciones a los problemas que surgen por el camino y aprender de ellos para que no se repitan.<\/p>\n<h2>Despu\u00e9s de estos 60 a\u00f1os: \u00bfde qu\u00e9 te sientes m\u00e1s orgulloso?<\/h2>\n<p>Me siento orgulloso de formar parte de esta empresa y de algunos cambios importantes en ella como el cambio de los tel\u00e9fonos m\u00f3viles de teclas a los smartphones y el cambio a la sede de Alhama que se hizo en un fin de semana.<\/p>\n<h2>\u00bfTienes alguna experiencia rese\u00f1able o alg\u00fan momento que guardes de manera especial en tu memoria?<\/h2>\n<p>Una de vez estaba en un supermercado de mi pueblo y un hombre con acento de Europa del Este me paro y me dijo que si pod\u00eda arreglarle el m\u00f3vil. Yo en un principio no sab\u00eda a qu\u00e9 se refer\u00eda hasta que vi que el tel\u00e9fono era de los nuestros y \u00e9l era un chofer de la empresa.<\/p>\n<p>Se lo mir\u00e9 y se fue muy contento.<\/p>\n","protected":false},"excerpt":{"rendered":"<p>\u00bfDesde cu\u00e1ndo y c\u00f3mo empezaste a formar parte de la empresa? Empec\u00e9 en noviembre de 2015 porque Manuel Mart\u00ednez me aviso de que hab\u00eda una vacante en el departamento. Conoc\u00eda a Manuel porque hab\u00edamos trabajado juntos durante muchos a\u00f1os en otra empresa donde yo hice las practicas. A t\u00fa parecer, \u00bfqu\u00e9 cualidades destacar\u00edas de la [&hellip;]<\/p>\n","protected":false},"author":1,"featured_media":2895,"comment_status":"open","ping_status":"open","sticky":false,"template":"","format":"standard","meta":{"footnotes":""},"categories":[13],"tags":[],"class_list":["post-1728","post","type-post","status-publish","format-standard","has-post-thumbnail","hentry","category-protagonistas"],"_links":{"self":[{"href":"https:\/\/primafrio.com\/60-aniversario\/wp-json\/wp\/v2\/posts\/1728","targetHints":{"allow":["GET"]}}],"collection":[{"href":"https:\/\/primafrio.com\/60-aniversario\/wp-json\/wp\/v2\/posts"}],"about":[{"href":"https:\/\/primafrio.com\/60-aniversario\/wp-json\/wp\/v2\/types\/post"}],"author":[{"embeddable":true,"href":"https:\/\/primafrio.com\/60-aniversario\/wp-json\/wp\/v2\/users\/1"}],"replies":[{"embeddable":true,"href":"https:\/\/primafrio.com\/60-aniversario\/wp-json\/wp\/v2\/comments?post=1728"}],"version-history":[{"count":5,"href":"https:\/\/primafrio.com\/60-aniversario\/wp-json\/wp\/v2\/posts\/1728\/revisions"}],"predecessor-version":[{"id":2577,"href":"https:\/\/primafrio.com\/60-aniversario\/wp-json\/wp\/v2\/posts\/1728\/revisions\/2577"}],"wp:featuredmedia":[{"embeddable":true,"href":"https:\/\/primafrio.com\/60-aniversario\/wp-json\/wp\/v2\/media\/2895"}],"wp:attachment":[{"href":"https:\/\/primafrio.com\/60-aniversario\/wp-json\/wp\/v2\/media?parent=1728"}],"wp:term":[{"taxonomy":"category","embeddable":true,"href":"https:\/\/primafrio.com\/60-aniversario\/wp-json\/wp\/v2\/categories?post=1728"},{"taxonomy":"post_tag","embeddable":true,"href":"https:\/\/primafrio.com\/60-aniversario\/wp-json\/wp\/v2\/tags?post=1728"}],"curies":[{"name":"wp","href":"https:\/\/api.w.org\/{rel}","templated":true}]}}