{"id":1725,"date":"2023-10-18T10:42:56","date_gmt":"2023-10-18T08:42:56","guid":{"rendered":"https:\/\/primafrio.com\/60-aniversario\/?p=1725"},"modified":"2023-12-21T10:35:35","modified_gmt":"2023-12-21T09:35:35","slug":"jose-sanchez","status":"publish","type":"post","link":"https:\/\/primafrio.com\/60-aniversario\/jose-sanchez\/","title":{"rendered":"Jos\u00e9 S\u00e1nchez"},"content":{"rendered":"<h2>\u00bfDesde cu\u00e1ndo y c\u00f3mo empezaste a formar parte de la empresa?<\/h2>\n<p>Desde mayo 2007, como Responsable Financiero del Grupo de Empresas de la Familia Conesa Alcaraz, entre ellas, Primafrio.<\/p>\n<h2>A tu parecer, \u00bfqu\u00e9 cualidades destacar\u00edas de la compa\u00f1\u00eda, y cu\u00e1les crees que son los valores que mejor nos definen?<\/h2>\n<p>Como cualidades, el compromiso, la rapidez y seriedad con todos nuestros clientes.<\/p>\n<p>Valores, por encima de todos el ADN Familiar del Coraz\u00f3n de la compa\u00f1\u00eda, nunca se olvidan de sus or\u00edgenes y siempre con humildad, y eso lo dice todo, porque estos valores se transmiten hacia todos los que formamos esta compa\u00f1\u00eda.<\/p>\n<h2>\u00bfCu\u00e1l es nuestro punto fuerte?<\/h2>\n<p>Para m\u00ed sin duda la rapidez en la toma de decisiones. Esto es lo positivo de una empresa como la nuestra con ra\u00edces tan familiares. No hace falta reunirse un Consejo de Administraci\u00f3n para tomar decisiones. Se abordan los problemas intentando dar soluci\u00f3n inmediata a cada uno de ellos, sin dilaci\u00f3n alguna. Esto para nuestra operativa es fundamental. Y ello, es posible, gracias \u00e1 que el acceso a la persona o personas que en su caso han de tomar decisiones es total de lunes \u00e1 domingo 24 horas.<\/p>\n<h2>Despu\u00e9s de estos 60 a\u00f1os: \u00bfde qu\u00e9 te sientes m\u00e1s orgulloso?<\/h2>\n<p>Han sido 16 a\u00f1os muy intensos a la vez que exigentes pero tambi\u00e9n personal y profesionalmente muy gratificantes, al haber podido ir resolviendo cada una de las situaciones que se han ido dando en este tiempo gracias tambi\u00e9n a la confianza depositada.<\/p>\n<h2>\u00bfTienes alguna experiencia rese\u00f1able o alg\u00fan momento que guardes de manera especial en tu memoria?<\/h2>\n<p>De manera especial si guardo en la memoria, las conversaciones con D. Jos\u00e9 y D\u00aa Josefina de como fueron sus inicios en el primer cami\u00f3n, los dos subidos y haciendo viajes de madrugada. Hoy, es simplemente impresionante lo que se ha conseguido en estos 60 a\u00f1os.<\/p>\n","protected":false},"excerpt":{"rendered":"<p>\u00bfDesde cu\u00e1ndo y c\u00f3mo empezaste a formar parte de la empresa? Desde mayo 2007, como Responsable Financiero del Grupo de Empresas de la Familia Conesa Alcaraz, entre ellas, Primafrio. A tu parecer, \u00bfqu\u00e9 cualidades destacar\u00edas de la compa\u00f1\u00eda, y cu\u00e1les crees que son los valores que mejor nos definen? Como cualidades, el compromiso, la rapidez [&hellip;]<\/p>\n","protected":false},"author":1,"featured_media":2354,"comment_status":"open","ping_status":"open","sticky":false,"template":"","format":"standard","meta":{"footnotes":""},"categories":[13],"tags":[],"class_list":["post-1725","post","type-post","status-publish","format-standard","has-post-thumbnail","hentry","category-protagonistas"],"_links":{"self":[{"href":"https:\/\/primafrio.com\/60-aniversario\/wp-json\/wp\/v2\/posts\/1725","targetHints":{"allow":["GET"]}}],"collection":[{"href":"https:\/\/primafrio.com\/60-aniversario\/wp-json\/wp\/v2\/posts"}],"about":[{"href":"https:\/\/primafrio.com\/60-aniversario\/wp-json\/wp\/v2\/types\/post"}],"author":[{"embeddable":true,"href":"https:\/\/primafrio.com\/60-aniversario\/wp-json\/wp\/v2\/users\/1"}],"replies":[{"embeddable":true,"href":"https:\/\/primafrio.com\/60-aniversario\/wp-json\/wp\/v2\/comments?post=1725"}],"version-history":[{"count":4,"href":"https:\/\/primafrio.com\/60-aniversario\/wp-json\/wp\/v2\/posts\/1725\/revisions"}],"predecessor-version":[{"id":2591,"href":"https:\/\/primafrio.com\/60-aniversario\/wp-json\/wp\/v2\/posts\/1725\/revisions\/2591"}],"wp:featuredmedia":[{"embeddable":true,"href":"https:\/\/primafrio.com\/60-aniversario\/wp-json\/wp\/v2\/media\/2354"}],"wp:attachment":[{"href":"https:\/\/primafrio.com\/60-aniversario\/wp-json\/wp\/v2\/media?parent=1725"}],"wp:term":[{"taxonomy":"category","embeddable":true,"href":"https:\/\/primafrio.com\/60-aniversario\/wp-json\/wp\/v2\/categories?post=1725"},{"taxonomy":"post_tag","embeddable":true,"href":"https:\/\/primafrio.com\/60-aniversario\/wp-json\/wp\/v2\/tags?post=1725"}],"curies":[{"name":"wp","href":"https:\/\/api.w.org\/{rel}","templated":true}]}}