{"id":1719,"date":"2023-07-26T10:24:23","date_gmt":"2023-07-26T08:24:23","guid":{"rendered":"https:\/\/primafrio.com\/60-aniversario\/?p=1719"},"modified":"2023-12-13T10:58:11","modified_gmt":"2023-12-13T09:58:11","slug":"adrian-valverde","status":"publish","type":"post","link":"https:\/\/primafrio.com\/60-aniversario\/adrian-valverde\/","title":{"rendered":"Adri\u00e1n Valverde"},"content":{"rendered":"<h2>\u00bfDesde cu\u00e1ndo y c\u00f3mo empezaste a formar parte de la empresa?<\/h2>\n<p>Comenc\u00e9 el 17 de julio de 2017, es decir, hace justo 6 a\u00f1os. Por aquel entonces, est\u00e1bamos en la anterior sede central de Molina de Segura. Mis primeros pasos en Primafrio fue realizar una formaci\u00f3n intensiva de todos los departamentos de la empresa para analizar el mercado Americano y responsabilizarme del departamento de I+D+i.<\/p>\n<h2>A t\u00fa parecer, \u00bfqu\u00e9 cualidades destacar\u00edas de la compa\u00f1\u00eda, y cu\u00e1les crees que son los valores que mejor nos definen?<\/h2>\n<p>Sin duda alguna, la determinaci\u00f3n y resiliencia que el Grupo ha demostrado desde sus or\u00edgenes con tanto trabajo, sacrificio y pasi\u00f3n. Ser los l\u00edderes en un sector tan competitivo, con tantas barreras y tanta presi\u00f3n por parte de la cadena de suministro log\u00edstica a temperatura controlada, tiene mucho m\u00e9rito; pues no se trata de ser el l\u00edder sino de mantenerse en el tiempo y ser el ejemplo a seguir en el sector. Es un orgullo, por tanto, haber tenido la oportunidad para contribuir en esta misi\u00f3n.<\/p>\n<h2>\u00bfCu\u00e1l es nuestro punto fuerte?<\/h2>\n<p>Que a pesar de ser una compa\u00f1\u00eda grande y de las dificultades que hemos superado, somos una familia unida que no ha dejado de creer en un mejor futuro. La propiedad, a diferencia de muchas grandes empresas, dirige la compa\u00f1\u00eda y ello es muy positivo porque tiene la visi\u00f3n y conocimiento en tiempo real de todo lo que sucede. Adem\u00e1s, las tres generaciones, siempre han sido accesibles y cercanos para poder compartir cualquier reflexi\u00f3n, problema o sugerencia ayudando en todo lo posible.<\/p>\n<h2>Despu\u00e9s de estos 60 a\u00f1os: \u00bfde qu\u00e9 te sientes m\u00e1s orgulloso?<\/h2>\n<p>De lo que m\u00e1s orgulloso me siento es de que Primafrio hoy no solo sea el l\u00edder en transporte y log\u00edstica en Europa, sino tambi\u00e9n lo sea en investigaci\u00f3n y desarrollo (I+D+i) mediante los programas y proyectos europeos que nos conf\u00eda la Comisi\u00f3n Europea y resto de partners (universidades, OEM, centros tecnol\u00f3gicos y de investigaci\u00f3n) as\u00ed como ser los l\u00edderes y referencia a nivel mundial en ESG (Environment, Social, Governance).<\/p>\n<h2>\u00bfTienes alguna experiencia rese\u00f1able o alg\u00fan momento que guardes de manera especial en tu memoria?<\/h2>\n<p>Son muchos los recuerdos que guardo porque de todos ellos, siempre he aprendido algo nuevo. Por ejemplo, cuando Juan Conesa y yo viaj\u00e1bamos con D. Jos\u00e9 a los centros de investigaci\u00f3n m\u00e1s avanzados y siempre nos daba lecciones, as\u00ed como a todos los expertos que con nosotros se encontraban. \u201cYo no soy ingeniero ni entiendo esas cosas, pero soy inventor como mi padre y no necesito planos ni esos dibujos que hac\u00e9is. Yo lo hago en tiempo r\u00e9cord y vosotros ni hab\u00e9is empezado\u201d \u00f3 cuando D. Jos\u00e9 se sentaba junto a mi \u201cValverde, \u00bfqu\u00e9 proyecto est\u00e1s haciendo, cu\u00e9ntame? Eso ya lo hab\u00eda inventado yo, pero no ten\u00eda las herramientas que ten\u00e9is ahora los j\u00f3venes\u201d.<\/p>\n","protected":false},"excerpt":{"rendered":"<p>\u00bfDesde cu\u00e1ndo y c\u00f3mo empezaste a formar parte de la empresa? Comenc\u00e9 el 17 de julio de 2017, es decir, hace justo 6 a\u00f1os. Por aquel entonces, est\u00e1bamos en la anterior sede central de Molina de Segura. Mis primeros pasos en Primafrio fue realizar una formaci\u00f3n intensiva de todos los departamentos de la empresa para [&hellip;]<\/p>\n","protected":false},"author":1,"featured_media":2356,"comment_status":"open","ping_status":"open","sticky":false,"template":"","format":"standard","meta":{"footnotes":""},"categories":[13],"tags":[],"class_list":["post-1719","post","type-post","status-publish","format-standard","has-post-thumbnail","hentry","category-protagonistas"],"_links":{"self":[{"href":"https:\/\/primafrio.com\/60-aniversario\/wp-json\/wp\/v2\/posts\/1719","targetHints":{"allow":["GET"]}}],"collection":[{"href":"https:\/\/primafrio.com\/60-aniversario\/wp-json\/wp\/v2\/posts"}],"about":[{"href":"https:\/\/primafrio.com\/60-aniversario\/wp-json\/wp\/v2\/types\/post"}],"author":[{"embeddable":true,"href":"https:\/\/primafrio.com\/60-aniversario\/wp-json\/wp\/v2\/users\/1"}],"replies":[{"embeddable":true,"href":"https:\/\/primafrio.com\/60-aniversario\/wp-json\/wp\/v2\/comments?post=1719"}],"version-history":[{"count":2,"href":"https:\/\/primafrio.com\/60-aniversario\/wp-json\/wp\/v2\/posts\/1719\/revisions"}],"predecessor-version":[{"id":2517,"href":"https:\/\/primafrio.com\/60-aniversario\/wp-json\/wp\/v2\/posts\/1719\/revisions\/2517"}],"wp:featuredmedia":[{"embeddable":true,"href":"https:\/\/primafrio.com\/60-aniversario\/wp-json\/wp\/v2\/media\/2356"}],"wp:attachment":[{"href":"https:\/\/primafrio.com\/60-aniversario\/wp-json\/wp\/v2\/media?parent=1719"}],"wp:term":[{"taxonomy":"category","embeddable":true,"href":"https:\/\/primafrio.com\/60-aniversario\/wp-json\/wp\/v2\/categories?post=1719"},{"taxonomy":"post_tag","embeddable":true,"href":"https:\/\/primafrio.com\/60-aniversario\/wp-json\/wp\/v2\/tags?post=1719"}],"curies":[{"name":"wp","href":"https:\/\/api.w.org\/{rel}","templated":true}]}}