{"id":1691,"date":"2023-06-15T12:24:13","date_gmt":"2023-06-15T10:24:13","guid":{"rendered":"https:\/\/primafrio.com\/60-aniversario\/?p=1691"},"modified":"2023-12-13T10:33:43","modified_gmt":"2023-12-13T09:33:43","slug":"1691-2","status":"publish","type":"post","link":"https:\/\/primafrio.com\/60-aniversario\/1691-2\/","title":{"rendered":"Antonio Verd\u00fa"},"content":{"rendered":"<h2>\u00bfDesde cu\u00e1ndo y c\u00f3mo empezaste a formar parte de la empresa?<\/h2>\n<p>Comenc\u00e9 mi trayectoria en el Grupo en el a\u00f1o 1.999, hace 24 a\u00f1os.<\/p>\n<h2>A t\u00fa parecer, \u00bfqu\u00e9 cualidades destacar\u00edas de la compa\u00f1\u00eda, y cu\u00e1les crees que son los valores que mejor nos definen?<\/h2>\n<p>Me quedo con la capacidad constante de superaci\u00f3n y el trabajo en equipo.<\/p>\n<h2>\u00bfCu\u00e1l es nuestro punto fuerte?<\/h2>\n<p>Nuestro punto fuerte es el trabajo en equipo para conseguir nuestros objetivos y la constancia para alcanzarlos.<\/p>\n<h2>Despu\u00e9s de estos 60 a\u00f1os: \u00bfde qu\u00e9 te sientes m\u00e1s orgulloso?<\/h2>\n<p>De lo que me siento m\u00e1s orgulloso es de pertenecer a esta empresa, actualmente como responsable de Taller.<\/p>\n<h2>\u00bfTienes alguna experiencia rese\u00f1able o alg\u00fan momento que guardes de manera especial en tu memoria?<\/h2>\n<p>A lo largo de 24 a\u00f1os cuento con muchas experiencias buenas, sobre todo destaco las relacionadas con la parte humana.<\/p>\n<p>En mi memoria, el fallecimiento de D. Jos\u00e9 Conesa, fue una persona muy entra\u00f1able para todos nosotros.<\/p>\n","protected":false},"excerpt":{"rendered":"<p>\u00bfDesde cu\u00e1ndo y c\u00f3mo empezaste a formar parte de la empresa? Comenc\u00e9 mi trayectoria en el Grupo en el a\u00f1o 1.999, hace 24 a\u00f1os. A t\u00fa parecer, \u00bfqu\u00e9 cualidades destacar\u00edas de la compa\u00f1\u00eda, y cu\u00e1les crees que son los valores que mejor nos definen? Me quedo con la capacidad constante de superaci\u00f3n y el trabajo [&hellip;]<\/p>\n","protected":false},"author":1,"featured_media":2444,"comment_status":"open","ping_status":"open","sticky":false,"template":"","format":"standard","meta":{"footnotes":""},"categories":[13],"tags":[],"class_list":["post-1691","post","type-post","status-publish","format-standard","has-post-thumbnail","hentry","category-protagonistas"],"_links":{"self":[{"href":"https:\/\/primafrio.com\/60-aniversario\/wp-json\/wp\/v2\/posts\/1691","targetHints":{"allow":["GET"]}}],"collection":[{"href":"https:\/\/primafrio.com\/60-aniversario\/wp-json\/wp\/v2\/posts"}],"about":[{"href":"https:\/\/primafrio.com\/60-aniversario\/wp-json\/wp\/v2\/types\/post"}],"author":[{"embeddable":true,"href":"https:\/\/primafrio.com\/60-aniversario\/wp-json\/wp\/v2\/users\/1"}],"replies":[{"embeddable":true,"href":"https:\/\/primafrio.com\/60-aniversario\/wp-json\/wp\/v2\/comments?post=1691"}],"version-history":[{"count":3,"href":"https:\/\/primafrio.com\/60-aniversario\/wp-json\/wp\/v2\/posts\/1691\/revisions"}],"predecessor-version":[{"id":2490,"href":"https:\/\/primafrio.com\/60-aniversario\/wp-json\/wp\/v2\/posts\/1691\/revisions\/2490"}],"wp:featuredmedia":[{"embeddable":true,"href":"https:\/\/primafrio.com\/60-aniversario\/wp-json\/wp\/v2\/media\/2444"}],"wp:attachment":[{"href":"https:\/\/primafrio.com\/60-aniversario\/wp-json\/wp\/v2\/media?parent=1691"}],"wp:term":[{"taxonomy":"category","embeddable":true,"href":"https:\/\/primafrio.com\/60-aniversario\/wp-json\/wp\/v2\/categories?post=1691"},{"taxonomy":"post_tag","embeddable":true,"href":"https:\/\/primafrio.com\/60-aniversario\/wp-json\/wp\/v2\/tags?post=1691"}],"curies":[{"name":"wp","href":"https:\/\/api.w.org\/{rel}","templated":true}]}}