{"id":1688,"date":"2023-06-22T12:20:45","date_gmt":"2023-06-22T10:20:45","guid":{"rendered":"https:\/\/primafrio.com\/60-aniversario\/?p=1688"},"modified":"2023-12-29T10:12:49","modified_gmt":"2023-12-29T09:12:49","slug":"segis-villora","status":"publish","type":"post","link":"https:\/\/primafrio.com\/60-aniversario\/segis-villora\/","title":{"rendered":"Segis Villora"},"content":{"rendered":"<h2>\u00bfDesde cu\u00e1ndo y c\u00f3mo empezaste a formar parte de la empresa?<\/h2>\n<p>En 1996 tuve la genial idea de sacarme el carnet del cami\u00f3n, siendo un cr\u00edo, con el que estuve hasta el 2010, cuando Jos\u00e9 me ofreci\u00f3 la oportunidad de formar parte del equipo de tr\u00e1fico y hasta la fecha de hoy, que seguimos en la brecha.<\/p>\n<h2>A t\u00fa parecer, \u00bfqu\u00e9 cualidades destacar\u00edas de la compa\u00f1\u00eda, y cu\u00e1les crees que son los valores que mejor nos definen?<\/h2>\n<p>El trato humano, tanto a nivel profesional como personal.<\/p>\n<h2>\u00bfCu\u00e1l es nuestro punto fuerte?<\/h2>\n<p>La constancia y dedicaci\u00f3n para mejorar, y ser la empresa de referencia en el transporte de mercanc\u00eda perecedera a nivel europeo.<\/p>\n<h2>Despu\u00e9s de estos 60 a\u00f1os: \u00bfde qu\u00e9 te sientes m\u00e1s orgulloso?<\/h2>\n<p>De formar parte de esta gran familia y sentirme parte de ella.<\/p>\n<h2>\u00bfTienes alguna experiencia rese\u00f1able o alg\u00fan momento que guardes de manera especial en tu memoria?<\/h2>\n<p>Experiencias a lo largo de estos a\u00f1os tengo much\u00edsimas, tanto buenas como malas, Siempre quedar\u00e1n en la memoria mis viajes con Paco Cerezo. Llegamos una vez a la base de Lepe y Pepe Conesa nos llev\u00f3 al pueblo de Lepe en un Mercedes que ten\u00eda para comer y comprar lo necesario antes de salir de viaje, no me hab\u00eda montado en la vida en un Mercedes y me sent\u00eda en el asiento de atr\u00e1s como un marqu\u00e9s,\u2026<\/p>\n","protected":false},"excerpt":{"rendered":"<p>\u00bfDesde cu\u00e1ndo y c\u00f3mo empezaste a formar parte de la empresa? En 1996 tuve la genial idea de sacarme el carnet del cami\u00f3n, siendo un cr\u00edo, con el que estuve hasta el 2010, cuando Jos\u00e9 me ofreci\u00f3 la oportunidad de formar parte del equipo de tr\u00e1fico y hasta la fecha de hoy, que seguimos en [&hellip;]<\/p>\n","protected":false},"author":1,"featured_media":2910,"comment_status":"open","ping_status":"open","sticky":false,"template":"","format":"standard","meta":{"footnotes":""},"categories":[13],"tags":[],"class_list":["post-1688","post","type-post","status-publish","format-standard","has-post-thumbnail","hentry","category-protagonistas"],"_links":{"self":[{"href":"https:\/\/primafrio.com\/60-aniversario\/wp-json\/wp\/v2\/posts\/1688","targetHints":{"allow":["GET"]}}],"collection":[{"href":"https:\/\/primafrio.com\/60-aniversario\/wp-json\/wp\/v2\/posts"}],"about":[{"href":"https:\/\/primafrio.com\/60-aniversario\/wp-json\/wp\/v2\/types\/post"}],"author":[{"embeddable":true,"href":"https:\/\/primafrio.com\/60-aniversario\/wp-json\/wp\/v2\/users\/1"}],"replies":[{"embeddable":true,"href":"https:\/\/primafrio.com\/60-aniversario\/wp-json\/wp\/v2\/comments?post=1688"}],"version-history":[{"count":2,"href":"https:\/\/primafrio.com\/60-aniversario\/wp-json\/wp\/v2\/posts\/1688\/revisions"}],"predecessor-version":[{"id":2501,"href":"https:\/\/primafrio.com\/60-aniversario\/wp-json\/wp\/v2\/posts\/1688\/revisions\/2501"}],"wp:featuredmedia":[{"embeddable":true,"href":"https:\/\/primafrio.com\/60-aniversario\/wp-json\/wp\/v2\/media\/2910"}],"wp:attachment":[{"href":"https:\/\/primafrio.com\/60-aniversario\/wp-json\/wp\/v2\/media?parent=1688"}],"wp:term":[{"taxonomy":"category","embeddable":true,"href":"https:\/\/primafrio.com\/60-aniversario\/wp-json\/wp\/v2\/categories?post=1688"},{"taxonomy":"post_tag","embeddable":true,"href":"https:\/\/primafrio.com\/60-aniversario\/wp-json\/wp\/v2\/tags?post=1688"}],"curies":[{"name":"wp","href":"https:\/\/api.w.org\/{rel}","templated":true}]}}