{"id":1685,"date":"2023-06-05T12:13:12","date_gmt":"2023-06-05T10:13:12","guid":{"rendered":"https:\/\/primafrio.com\/60-aniversario\/?p=1685"},"modified":"2023-12-13T10:13:15","modified_gmt":"2023-12-13T09:13:15","slug":"santos-fernandez","status":"publish","type":"post","link":"https:\/\/primafrio.com\/60-aniversario\/santos-fernandez\/","title":{"rendered":"Santos Fern\u00e1ndez"},"content":{"rendered":"<h2>\u00bfDesde cu\u00e1ndo y c\u00f3mo empezaste a formar parte de la empresa?<\/h2>\n<p>Indirectamente, empec\u00e9 mi relaci\u00f3n con PACONSA en el a\u00f1o 1984 cuando conoc\u00ed a D. Jos\u00e9 Conesa, el cual ya estaba cargando fresas en Huelva. En esa \u00e9poca yo me dedicaba a la compra de fruta para una compa\u00f1\u00eda conservera de Molina y comenzamos una relaci\u00f3n de trabajo que sigui\u00f3 una vez Jos\u00e9 Esteban, en el a\u00f1o 1988, dio un paso al frente en la empresa. A\u00fan recuerdo cuando la oficina de Lepe era un semirremolque adaptado como oficina, en el cual pasaba casi todas las ma\u00f1anas con Jos\u00e9 Esteban antes de irme a mi trabajo ayud\u00e1ndole y cogiendo el tel\u00e9fono, ya que Jos\u00e9 Esteban estaba solo en Lepe. Esta relaci\u00f3n continu\u00f3 hasta el a\u00f1o 1997, ya que en septiembre de ese a\u00f1o empec\u00e9 a ser parte de esta gran empresa.<\/p>\n<h2>A t\u00fa parecer, \u00bfqu\u00e9 cualidades destacar\u00edas de la compa\u00f1\u00eda, y cu\u00e1les crees que son los valores que mejor nos definen?<\/h2>\n<p>Cualidades muchas, entre ellas, para m\u00ed, la que destacar\u00eda es la parte humana hacia los empleados, y su mayor valor es el de superaci\u00f3n y entrega hacia el trabajo.<\/p>\n<h2>\u00bfCu\u00e1l es nuestro punto fuerte?<\/h2>\n<p>Nuestro punto fuerte es la exigencia a nosotros mismos y lealtad hacia nuestros clientes. Nuestra mayor satisfacci\u00f3n es el trabajo bien hecho.<\/p>\n<h2>Despu\u00e9s de estos 60 a\u00f1os: \u00bfde qu\u00e9 te sientes m\u00e1s orgulloso?<\/h2>\n<p>De ser part\u00edcipe en el crecimiento de esta empresa, de ver como a\u00f1o tras a\u00f1o se supera a s\u00ed misma y modestamente ver que somos referente a nivel europeo en el sector.<\/p>\n<p>A nivel personal me siento muy orgulloso de la incorporaci\u00f3n de mi hijo Rub\u00e9n a este gran equipo hace ya 7 a\u00f1os y de haber compartido con \u00e9l la cultura de una empresa como la nuestra que apuesta por las generaciones m\u00e1s j\u00f3venes y por fortalecer los v\u00ednculos entre empresa y familia.<\/p>\n<h2>\u00bfTienes alguna experiencia rese\u00f1able o alg\u00fan momento que guardes de manera especial en tu memoria?<\/h2>\n<p>Experiencias muchas, cada d\u00eda es una experiencia nueva. Momentos especiales , el primer d\u00eda que empec\u00e9 en la oficina de Molina. Comenzamos 11 personas en tr\u00e1fico (salidas-retornos-nacional) y fue all\u00ed donde gracias a Jos\u00e9 Esteban aprend\u00ed esta maravillosa profesi\u00f3n.<\/p>\n","protected":false},"excerpt":{"rendered":"<p>\u00bfDesde cu\u00e1ndo y c\u00f3mo empezaste a formar parte de la empresa? Indirectamente, empec\u00e9 mi relaci\u00f3n con PACONSA en el a\u00f1o 1984 cuando conoc\u00ed a D. Jos\u00e9 Conesa, el cual ya estaba cargando fresas en Huelva. En esa \u00e9poca yo me dedicaba a la compra de fruta para una compa\u00f1\u00eda conservera de Molina y comenzamos una [&hellip;]<\/p>\n","protected":false},"author":1,"featured_media":2359,"comment_status":"open","ping_status":"open","sticky":false,"template":"","format":"standard","meta":{"footnotes":""},"categories":[13],"tags":[],"class_list":["post-1685","post","type-post","status-publish","format-standard","has-post-thumbnail","hentry","category-protagonistas"],"_links":{"self":[{"href":"https:\/\/primafrio.com\/60-aniversario\/wp-json\/wp\/v2\/posts\/1685","targetHints":{"allow":["GET"]}}],"collection":[{"href":"https:\/\/primafrio.com\/60-aniversario\/wp-json\/wp\/v2\/posts"}],"about":[{"href":"https:\/\/primafrio.com\/60-aniversario\/wp-json\/wp\/v2\/types\/post"}],"author":[{"embeddable":true,"href":"https:\/\/primafrio.com\/60-aniversario\/wp-json\/wp\/v2\/users\/1"}],"replies":[{"embeddable":true,"href":"https:\/\/primafrio.com\/60-aniversario\/wp-json\/wp\/v2\/comments?post=1685"}],"version-history":[{"count":3,"href":"https:\/\/primafrio.com\/60-aniversario\/wp-json\/wp\/v2\/posts\/1685\/revisions"}],"predecessor-version":[{"id":2472,"href":"https:\/\/primafrio.com\/60-aniversario\/wp-json\/wp\/v2\/posts\/1685\/revisions\/2472"}],"wp:featuredmedia":[{"embeddable":true,"href":"https:\/\/primafrio.com\/60-aniversario\/wp-json\/wp\/v2\/media\/2359"}],"wp:attachment":[{"href":"https:\/\/primafrio.com\/60-aniversario\/wp-json\/wp\/v2\/media?parent=1685"}],"wp:term":[{"taxonomy":"category","embeddable":true,"href":"https:\/\/primafrio.com\/60-aniversario\/wp-json\/wp\/v2\/categories?post=1685"},{"taxonomy":"post_tag","embeddable":true,"href":"https:\/\/primafrio.com\/60-aniversario\/wp-json\/wp\/v2\/tags?post=1685"}],"curies":[{"name":"wp","href":"https:\/\/api.w.org\/{rel}","templated":true}]}}