{"id":1682,"date":"2023-07-29T12:10:18","date_gmt":"2023-07-29T10:10:18","guid":{"rendered":"https:\/\/primafrio.com\/60-aniversario\/?p=1682"},"modified":"2023-12-13T10:56:52","modified_gmt":"2023-12-13T09:56:52","slug":"natascha-lenk","status":"publish","type":"post","link":"https:\/\/primafrio.com\/60-aniversario\/natascha-lenk\/","title":{"rendered":"Natascha Lenk"},"content":{"rendered":"<h2>\u00bfDesde cu\u00e1ndo y c\u00f3mo empezaste a formar parte de la empresa?<\/h2>\n<p>Empec\u00e9 en Primafrio en 2018. Primero hice una formaci\u00f3n dual alemana. Gracias a esta formaci\u00f3n estuve un mes en el departamento documentaci\u00f3n y desde febrero de 2019 estoy en el departamento comercial. Despu\u00e9s de finalizar la formaci\u00f3n dual en junio de 2020, hice otro grado en log\u00edstica en una universidad en Ludwigshafen, Alemania, y viaj\u00e9 cada tres meses entre Alemania y Espa\u00f1a.<\/p>\n<h2>A t\u00fa parecer, \u00bfqu\u00e9 cualidades destacar\u00edas de la compa\u00f1\u00eda, y cu\u00e1les crees que son los valores que mejor nos definen?<\/h2>\n<p>P \u2013 Profesionalismo: En Primafrio tenemos un enfoque profesional en todos los aspectos de nuestro trabajo y ofrecemos servicios de la m\u00e1s alta calidad.<\/p>\n<p>R &#8211; Responsabilidad: Asumimos la responsabilidad de nuestras acciones y nos comprometemos a cumplir con las expectativas de nuestros clientes.<\/p>\n<p>I &#8211; Internacional: Nuestro enfoque es global, atendiendo a clientes y operaciones internacionales con eficiencia y compromiso.<\/p>\n<p>M &#8211; Mejora continua: Nos esforzamos por mejorar constantemente nuestros procesos y servicios para satisfacer siempre las necesidades cambiantes de nuestros clientes.<\/p>\n<p>A &#8211; Adaptabilidad: Somos flexibles y nos adaptamos r\u00e1pidamente a las demandas del mercado, lo que nos permite brindar soluciones personalizadas y eficientes.<\/p>\n<p>F &#8211; Familiar: En Primafrio, promovemos un ambiente familiar y cercano, donde cada miembro del equipo es valorado y se siente parte de una gran familia.<\/p>\n<p>R &#8211; Respeto: Tratamos a nuestros clientes con respeto, valorando sus contribuciones y opiniones.<\/p>\n<p>I &#8211; Innovaci\u00f3n: Fomentamos la cultura de la innovaci\u00f3n, buscando constantemente nuevas ideas y soluciones para mantenernos a la vanguardia del sector.<\/p>\n<p>O &#8211; Orientaci\u00f3n al cliente: El cliente est\u00e1 en el centro de todo lo que hacemos. Hacemos todo lo posible por comprender sus necesidades y ofrecerles soluciones a medida.<\/p>\n<h2>\u00bfCu\u00e1l es nuestro punto fuerte?<\/h2>\n<p>La orientaci\u00f3n al cliente, la capacidad de innovaci\u00f3n, el fuerte sentido del compa\u00f1erismo y el aprecio de sus empleados.<\/p>\n<h2>Despu\u00e9s de estos 60 a\u00f1os: \u00bfde qu\u00e9 te sientes m\u00e1s orgulloso?<\/h2>\n<p>La amplia experiencia adquirida a lo largo de estos 60 a\u00f1os que tambi\u00e9n se refleja en la gran calidad de servicio.<\/p>\n<h2>\u00bfTienes alguna experiencia rese\u00f1able o alg\u00fan momento que guardes de manera especial en tu memoria?<\/h2>\n<p>Como al principio casi nadie sab\u00eda lo que era un \u00abAzubi\u00bb, y que es un t\u00e9rmino alem\u00e1n para todos los aprendices alemanes, muchas veces d\u00e1bamos la impresi\u00f3n de que \u00e9ramos todos de una misma familia (con el apellido Azubi).<\/p>\n","protected":false},"excerpt":{"rendered":"<p>\u00bfDesde cu\u00e1ndo y c\u00f3mo empezaste a formar parte de la empresa? Empec\u00e9 en Primafrio en 2018. Primero hice una formaci\u00f3n dual alemana. Gracias a esta formaci\u00f3n estuve un mes en el departamento documentaci\u00f3n y desde febrero de 2019 estoy en el departamento comercial. Despu\u00e9s de finalizar la formaci\u00f3n dual en junio de 2020, hice otro [&hellip;]<\/p>\n","protected":false},"author":1,"featured_media":2361,"comment_status":"open","ping_status":"open","sticky":false,"template":"","format":"standard","meta":{"footnotes":""},"categories":[13],"tags":[],"class_list":["post-1682","post","type-post","status-publish","format-standard","has-post-thumbnail","hentry","category-protagonistas"],"_links":{"self":[{"href":"https:\/\/primafrio.com\/60-aniversario\/wp-json\/wp\/v2\/posts\/1682","targetHints":{"allow":["GET"]}}],"collection":[{"href":"https:\/\/primafrio.com\/60-aniversario\/wp-json\/wp\/v2\/posts"}],"about":[{"href":"https:\/\/primafrio.com\/60-aniversario\/wp-json\/wp\/v2\/types\/post"}],"author":[{"embeddable":true,"href":"https:\/\/primafrio.com\/60-aniversario\/wp-json\/wp\/v2\/users\/1"}],"replies":[{"embeddable":true,"href":"https:\/\/primafrio.com\/60-aniversario\/wp-json\/wp\/v2\/comments?post=1682"}],"version-history":[{"count":2,"href":"https:\/\/primafrio.com\/60-aniversario\/wp-json\/wp\/v2\/posts\/1682\/revisions"}],"predecessor-version":[{"id":2514,"href":"https:\/\/primafrio.com\/60-aniversario\/wp-json\/wp\/v2\/posts\/1682\/revisions\/2514"}],"wp:featuredmedia":[{"embeddable":true,"href":"https:\/\/primafrio.com\/60-aniversario\/wp-json\/wp\/v2\/media\/2361"}],"wp:attachment":[{"href":"https:\/\/primafrio.com\/60-aniversario\/wp-json\/wp\/v2\/media?parent=1682"}],"wp:term":[{"taxonomy":"category","embeddable":true,"href":"https:\/\/primafrio.com\/60-aniversario\/wp-json\/wp\/v2\/categories?post=1682"},{"taxonomy":"post_tag","embeddable":true,"href":"https:\/\/primafrio.com\/60-aniversario\/wp-json\/wp\/v2\/tags?post=1682"}],"curies":[{"name":"wp","href":"https:\/\/api.w.org\/{rel}","templated":true}]}}