{"id":1676,"date":"2023-06-14T11:39:18","date_gmt":"2023-06-14T09:39:18","guid":{"rendered":"https:\/\/primafrio.com\/60-aniversario\/?p=1676"},"modified":"2023-12-13T10:32:57","modified_gmt":"2023-12-13T09:32:57","slug":"antonio-garre","status":"publish","type":"post","link":"https:\/\/primafrio.com\/60-aniversario\/antonio-garre\/","title":{"rendered":"Antonio Garre"},"content":{"rendered":"<h2>\u00bfDesde cu\u00e1ndo y c\u00f3mo empezaste a formar parte de la empresa?<\/h2>\n<p>Comenc\u00e9 mi andadura en septiembre de 1.998, ya en aquel momento necesitaban de alguien que le ayudase a empezar a digitalizar la empresa.<\/p>\n<h2>A t\u00fa parecer, \u00bfqu\u00e9 cualidades destacar\u00edas de la compa\u00f1\u00eda, y cu\u00e1les crees que son los valores que mejor nos definen?<\/h2>\n<p>La mayor cualidad para m\u00ed ser\u00eda la f\u00e1cil y \u00e1gil adaptaci\u00f3n de la compa\u00f1\u00eda a cualquier cambio o reto que se le presenta.<\/p>\n<p>Los valores que yo creo tiene esta empresa son, cuidar el cliente d\u00e1ndole lo mejor de nuestra empresa que es la calidad, tener un grupo humano con grandes cualidades y apostar por un futuro cada vez mejor.<\/p>\n<h2>\u00bfCu\u00e1l es nuestro punto fuerte?<\/h2>\n<p>El punto fuerte para m\u00ed podr\u00eda ser que somos una compa\u00f1\u00eda con un gran af\u00e1n de crecimiento, pero siempre con los pies en el suelo.<\/p>\n<h2>Despu\u00e9s de estos 60 a\u00f1os: \u00bfde qu\u00e9 te sientes m\u00e1s orgulloso?<\/h2>\n<p>De formar parte de una empresa en la que me han tratado como uno m\u00e1s de la familia.<\/p>\n<h2>\u00bfTienes alguna experiencia rese\u00f1able o alg\u00fan momento que guardes de manera especial en tu memoria?<\/h2>\n<p>Podr\u00eda comentar muchos, pero uno que nunca olvidar\u00e9 es cuando me dijeron que ten\u00edamos que sacar la salchicha por ordenador. Como comprender\u00e9is en aquel momento se me qued\u00f3 cara de p\u00f3ker y dije: &#8211; \u00bfc\u00f3mo que una salchicha por ordenador? &#8211; . Actualmente es d\u00f3nde se encuentran disponibles los recursos de la empresa, est\u00e1 informatizado y adem\u00e1s se llama \u201csalchicha\u201d o \u201cmadre\u201d.<\/p>\n","protected":false},"excerpt":{"rendered":"<p>\u00bfDesde cu\u00e1ndo y c\u00f3mo empezaste a formar parte de la empresa? Comenc\u00e9 mi andadura en septiembre de 1.998, ya en aquel momento necesitaban de alguien que le ayudase a empezar a digitalizar la empresa. A t\u00fa parecer, \u00bfqu\u00e9 cualidades destacar\u00edas de la compa\u00f1\u00eda, y cu\u00e1les crees que son los valores que mejor nos definen? La [&hellip;]<\/p>\n","protected":false},"author":1,"featured_media":2363,"comment_status":"open","ping_status":"open","sticky":false,"template":"","format":"standard","meta":{"footnotes":""},"categories":[13],"tags":[],"class_list":["post-1676","post","type-post","status-publish","format-standard","has-post-thumbnail","hentry","category-protagonistas"],"_links":{"self":[{"href":"https:\/\/primafrio.com\/60-aniversario\/wp-json\/wp\/v2\/posts\/1676","targetHints":{"allow":["GET"]}}],"collection":[{"href":"https:\/\/primafrio.com\/60-aniversario\/wp-json\/wp\/v2\/posts"}],"about":[{"href":"https:\/\/primafrio.com\/60-aniversario\/wp-json\/wp\/v2\/types\/post"}],"author":[{"embeddable":true,"href":"https:\/\/primafrio.com\/60-aniversario\/wp-json\/wp\/v2\/users\/1"}],"replies":[{"embeddable":true,"href":"https:\/\/primafrio.com\/60-aniversario\/wp-json\/wp\/v2\/comments?post=1676"}],"version-history":[{"count":4,"href":"https:\/\/primafrio.com\/60-aniversario\/wp-json\/wp\/v2\/posts\/1676\/revisions"}],"predecessor-version":[{"id":2489,"href":"https:\/\/primafrio.com\/60-aniversario\/wp-json\/wp\/v2\/posts\/1676\/revisions\/2489"}],"wp:featuredmedia":[{"embeddable":true,"href":"https:\/\/primafrio.com\/60-aniversario\/wp-json\/wp\/v2\/media\/2363"}],"wp:attachment":[{"href":"https:\/\/primafrio.com\/60-aniversario\/wp-json\/wp\/v2\/media?parent=1676"}],"wp:term":[{"taxonomy":"category","embeddable":true,"href":"https:\/\/primafrio.com\/60-aniversario\/wp-json\/wp\/v2\/categories?post=1676"},{"taxonomy":"post_tag","embeddable":true,"href":"https:\/\/primafrio.com\/60-aniversario\/wp-json\/wp\/v2\/tags?post=1676"}],"curies":[{"name":"wp","href":"https:\/\/api.w.org\/{rel}","templated":true}]}}