{"id":1667,"date":"2023-07-12T11:16:15","date_gmt":"2023-07-12T09:16:15","guid":{"rendered":"https:\/\/primafrio.com\/60-aniversario\/?p=1667"},"modified":"2023-12-13T11:04:28","modified_gmt":"2023-12-13T10:04:28","slug":"carmen-perez","status":"publish","type":"post","link":"https:\/\/primafrio.com\/60-aniversario\/carmen-perez\/","title":{"rendered":"Carmen P\u00e9rez"},"content":{"rendered":"<h2>\u00bfDesde cu\u00e1ndo y c\u00f3mo empezaste a formar parte de la empresa?<\/h2>\n<p>Llevo formando parte de la compa\u00f1\u00eda desde el 2005, hace ya 18 a\u00f1os. Empec\u00e9 en el departamento de viajes y al a\u00f1o aproximadamente pas\u00e9 al departamento de facturaci\u00f3n en el que sigo actualmente.<\/p>\n<h2>A t\u00fa parecer, \u00bfqu\u00e9 cualidades destacar\u00edas de la compa\u00f1\u00eda, y cu\u00e1les crees que son los valores que mejor nos definen? <\/h2>\n<p>Creo que el mayor valor que define a la compa\u00f1\u00eda es que a pesar de ser una gran empresa y tener un crecimiento continuo, no se ha perdido el trato familiar y cercano hacia todos lo que formamos parte de ella. <\/p>\n<p>Una cualidad, el af\u00e1n de superaci\u00f3n que tienen en el sector del transporte y el saber adecuarse a los tiempos, apostando por la modernizaci\u00f3n en general. <\/p>\n<h2>\u00bfCu\u00e1l es nuestro punto fuerte? <\/h2>\n<p>Capital humano, trabajo y constancia.<\/p>\n<h2>Despu\u00e9s de estos 60 a\u00f1os: \u00bfde qu\u00e9 te sientes m\u00e1s orgulloso?<\/h2>\n<p>De la calidad de servicio que la empresa es capaz de ofrecer a sus clientes. <\/p>\n<p>Otro punto a destacar la conciliaci\u00f3n laboral.<\/p>\n<h2>\u00bfTienes alguna experiencia rese\u00f1able o alg\u00fan momento que guardes de manera especial en tu memoria?<\/h2>\n<p>Guardo con especial cari\u00f1o, la primera vez que entre en las nuevas instalaciones de Alhama, de ver el gigante que ten\u00eda delante y estar formando parte de ello. Me vino a la cabeza como hab\u00edan cambiado las cosas desde que empezamos en Murcia con los primeros 50 camiones y ahora \u00e9ramos lideres del transporte por carretera. <\/p>\n","protected":false},"excerpt":{"rendered":"<p>\u00bfDesde cu\u00e1ndo y c\u00f3mo empezaste a formar parte de la empresa? Llevo formando parte de la compa\u00f1\u00eda desde el 2005, hace ya 18 a\u00f1os. Empec\u00e9 en el departamento de viajes y al a\u00f1o aproximadamente pas\u00e9 al departamento de facturaci\u00f3n en el que sigo actualmente. A t\u00fa parecer, \u00bfqu\u00e9 cualidades destacar\u00edas de la compa\u00f1\u00eda, y cu\u00e1les [&hellip;]<\/p>\n","protected":false},"author":1,"featured_media":2366,"comment_status":"open","ping_status":"open","sticky":false,"template":"","format":"standard","meta":{"footnotes":""},"categories":[13],"tags":[],"class_list":["post-1667","post","type-post","status-publish","format-standard","has-post-thumbnail","hentry","category-protagonistas"],"_links":{"self":[{"href":"https:\/\/primafrio.com\/60-aniversario\/wp-json\/wp\/v2\/posts\/1667","targetHints":{"allow":["GET"]}}],"collection":[{"href":"https:\/\/primafrio.com\/60-aniversario\/wp-json\/wp\/v2\/posts"}],"about":[{"href":"https:\/\/primafrio.com\/60-aniversario\/wp-json\/wp\/v2\/types\/post"}],"author":[{"embeddable":true,"href":"https:\/\/primafrio.com\/60-aniversario\/wp-json\/wp\/v2\/users\/1"}],"replies":[{"embeddable":true,"href":"https:\/\/primafrio.com\/60-aniversario\/wp-json\/wp\/v2\/comments?post=1667"}],"version-history":[{"count":2,"href":"https:\/\/primafrio.com\/60-aniversario\/wp-json\/wp\/v2\/posts\/1667\/revisions"}],"predecessor-version":[{"id":2530,"href":"https:\/\/primafrio.com\/60-aniversario\/wp-json\/wp\/v2\/posts\/1667\/revisions\/2530"}],"wp:featuredmedia":[{"embeddable":true,"href":"https:\/\/primafrio.com\/60-aniversario\/wp-json\/wp\/v2\/media\/2366"}],"wp:attachment":[{"href":"https:\/\/primafrio.com\/60-aniversario\/wp-json\/wp\/v2\/media?parent=1667"}],"wp:term":[{"taxonomy":"category","embeddable":true,"href":"https:\/\/primafrio.com\/60-aniversario\/wp-json\/wp\/v2\/categories?post=1667"},{"taxonomy":"post_tag","embeddable":true,"href":"https:\/\/primafrio.com\/60-aniversario\/wp-json\/wp\/v2\/tags?post=1667"}],"curies":[{"name":"wp","href":"https:\/\/api.w.org\/{rel}","templated":true}]}}