{"id":1662,"date":"2023-06-08T11:10:44","date_gmt":"2023-06-08T09:10:44","guid":{"rendered":"https:\/\/primafrio.com\/60-aniversario\/?p=1662"},"modified":"2023-12-28T12:05:35","modified_gmt":"2023-12-28T11:05:35","slug":"tatjana-dombrowe","status":"publish","type":"post","link":"https:\/\/primafrio.com\/60-aniversario\/tatjana-dombrowe\/","title":{"rendered":"Tatjana Dombrowe"},"content":{"rendered":"<h2>\u00bfDesde cu\u00e1ndo y c\u00f3mo empezaste a formar parte de la empresa?<\/h2>\n<p>Empec\u00e9 en Primafrio en el a\u00f1o 2012 en el departamento comercial de retornos.<\/p>\n<h2>A t\u00fa parecer, \u00bfqu\u00e9 cualidades destacar\u00edas de la compa\u00f1\u00eda, y cu\u00e1les crees que son los valores que mejor nos definen?<\/h2>\n<p>La seriedad como trabajamos y tratamos nuestros clientes, adelant\u00e1ndonos y adapt\u00e1ndonos a la nuevas innovaciones, siempre buscando lo mejor. Destacamos en calidad, puntualidad, rapidez, informaci\u00f3n y comunicaci\u00f3n. Sabemos solucionar problemas, los cliente nos buscan por ser los mejores.<\/p>\n<h2>\u00bfCu\u00e1l es nuestro punto fuerte?<\/h2>\n<p>La experiencia que tenemos de 60 a\u00f1os de un buen transporte desde el principio hasta final. EL conjunto: La experiencia y los recursos humanos que tiene la compa\u00f1\u00eda. <\/p>\n<h2>Despu\u00e9s de estos 60 a\u00f1os: \u00bfde qu\u00e9 te sientes m\u00e1s orgulloso? <\/h2>\n<p>De formar parte de esta compa\u00f1\u00eda.<\/p>\n","protected":false},"excerpt":{"rendered":"<p>\u00bfDesde cu\u00e1ndo y c\u00f3mo empezaste a formar parte de la empresa? Empec\u00e9 en Primafrio en el a\u00f1o 2012 en el departamento comercial de retornos. A t\u00fa parecer, \u00bfqu\u00e9 cualidades destacar\u00edas de la compa\u00f1\u00eda, y cu\u00e1les crees que son los valores que mejor nos definen? La seriedad como trabajamos y tratamos nuestros clientes, adelant\u00e1ndonos y adapt\u00e1ndonos [&hellip;]<\/p>\n","protected":false},"author":1,"featured_media":2367,"comment_status":"open","ping_status":"open","sticky":false,"template":"","format":"standard","meta":{"footnotes":""},"categories":[13],"tags":[],"class_list":["post-1662","post","type-post","status-publish","format-standard","has-post-thumbnail","hentry","category-protagonistas"],"_links":{"self":[{"href":"https:\/\/primafrio.com\/60-aniversario\/wp-json\/wp\/v2\/posts\/1662","targetHints":{"allow":["GET"]}}],"collection":[{"href":"https:\/\/primafrio.com\/60-aniversario\/wp-json\/wp\/v2\/posts"}],"about":[{"href":"https:\/\/primafrio.com\/60-aniversario\/wp-json\/wp\/v2\/types\/post"}],"author":[{"embeddable":true,"href":"https:\/\/primafrio.com\/60-aniversario\/wp-json\/wp\/v2\/users\/1"}],"replies":[{"embeddable":true,"href":"https:\/\/primafrio.com\/60-aniversario\/wp-json\/wp\/v2\/comments?post=1662"}],"version-history":[{"count":5,"href":"https:\/\/primafrio.com\/60-aniversario\/wp-json\/wp\/v2\/posts\/1662\/revisions"}],"predecessor-version":[{"id":2776,"href":"https:\/\/primafrio.com\/60-aniversario\/wp-json\/wp\/v2\/posts\/1662\/revisions\/2776"}],"wp:featuredmedia":[{"embeddable":true,"href":"https:\/\/primafrio.com\/60-aniversario\/wp-json\/wp\/v2\/media\/2367"}],"wp:attachment":[{"href":"https:\/\/primafrio.com\/60-aniversario\/wp-json\/wp\/v2\/media?parent=1662"}],"wp:term":[{"taxonomy":"category","embeddable":true,"href":"https:\/\/primafrio.com\/60-aniversario\/wp-json\/wp\/v2\/categories?post=1662"},{"taxonomy":"post_tag","embeddable":true,"href":"https:\/\/primafrio.com\/60-aniversario\/wp-json\/wp\/v2\/tags?post=1662"}],"curies":[{"name":"wp","href":"https:\/\/api.w.org\/{rel}","templated":true}]}}