{"id":1581,"date":"2023-06-11T13:04:59","date_gmt":"2023-06-11T11:04:59","guid":{"rendered":"https:\/\/primafrio.com\/60-aniversario\/?p=1581"},"modified":"2023-12-13T10:25:33","modified_gmt":"2023-12-13T09:25:33","slug":"jose-antonio-rubio","status":"publish","type":"post","link":"https:\/\/primafrio.com\/60-aniversario\/jose-antonio-rubio\/","title":{"rendered":"Jos\u00e9 Antonio Rubio"},"content":{"rendered":"<h2>\u00bfDesde cu\u00e1ndo y c\u00f3mo empezaste a formar parte de la empresa?  <\/h2>\n<p>Desde octubre de 2008. Reci\u00e9n llegados a Molina de segura desde las oficinas de Abar\u00e1n. <\/p>\n<h2>A t\u00fa parecer, \u00bfqu\u00e9 cualidades destacar\u00edas de la compa\u00f1\u00eda, y cu\u00e1les crees que son los valores que mejor nos definen?  <\/h2>\n<p>Sobre las cualidades de la compa\u00f1\u00eda destacar\u00eda la constancia y el esfuerzo. Adem\u00e1s, de la gerencia, subrayar el af\u00e1n de superaci\u00f3n, de no estancamiento, de innovaci\u00f3n y de mejora en todas las \u00e1reas de la empresa. <\/p>\n<h2>\u00bfCu\u00e1l es nuestro punto fuerte?   <\/h2>\n<p>Teniendo en cuenta las cualidades anteriores, uno de los puntos fuertes, es saber transmitir a los dem\u00e1s esa cultura de esfuerzo, y hacernos sentir orgullosos de que trabajamos en ella.<\/p>\n<h2>Despu\u00e9s de estos 60 a\u00f1os: \u00bfde qu\u00e9 te sientes m\u00e1s orgulloso?  <\/h2>\n<p>De lo que m\u00e1s orgulloso me siento es de haber vivido todos los pasos del crecimiento de la empresa, as\u00ed como de los compa\u00f1eros y compa\u00f1eras que se han quedado en mi departamento, incluso en otros. Los que he podido ver crecer personal y laboralmente, pudiendo ser una parte importante de la primera empresa de transporte frigor\u00edfico. <\/p>\n<h2>\u00bfTienes alguna experiencia rese\u00f1able o alg\u00fan momento que guardes de manera especial en tu memoria?  <\/h2>\n<p>Comparto varios recuerdos: cuando llegu\u00e9 el primer d\u00eda a Molina de Segura, con inquietud. <\/p>\n<p>Las cenas de los viernes en Molina mientras esper\u00e1bamos repaso. <\/p>\n<p>La emoci\u00f3n del cambio a Alhama de Murcia. <\/p>\n<p>La p\u00e9rdida y despedida de Don Jos\u00e9. <\/p>\n<p>La participaci\u00f3n en alg\u00fan acto de la Fundaci\u00f3n Primafrio, que me emocion\u00f3. <\/p>\n","protected":false},"excerpt":{"rendered":"<p>\u00bfDesde cu\u00e1ndo y c\u00f3mo empezaste a formar parte de la empresa? Desde octubre de 2008. Reci\u00e9n llegados a Molina de segura desde las oficinas de Abar\u00e1n. A t\u00fa parecer, \u00bfqu\u00e9 cualidades destacar\u00edas de la compa\u00f1\u00eda, y cu\u00e1les crees que son los valores que mejor nos definen? Sobre las cualidades de la compa\u00f1\u00eda destacar\u00eda la constancia [&hellip;]<\/p>\n","protected":false},"author":1,"featured_media":2368,"comment_status":"open","ping_status":"open","sticky":false,"template":"","format":"standard","meta":{"footnotes":""},"categories":[13],"tags":[],"class_list":["post-1581","post","type-post","status-publish","format-standard","has-post-thumbnail","hentry","category-protagonistas"],"_links":{"self":[{"href":"https:\/\/primafrio.com\/60-aniversario\/wp-json\/wp\/v2\/posts\/1581","targetHints":{"allow":["GET"]}}],"collection":[{"href":"https:\/\/primafrio.com\/60-aniversario\/wp-json\/wp\/v2\/posts"}],"about":[{"href":"https:\/\/primafrio.com\/60-aniversario\/wp-json\/wp\/v2\/types\/post"}],"author":[{"embeddable":true,"href":"https:\/\/primafrio.com\/60-aniversario\/wp-json\/wp\/v2\/users\/1"}],"replies":[{"embeddable":true,"href":"https:\/\/primafrio.com\/60-aniversario\/wp-json\/wp\/v2\/comments?post=1581"}],"version-history":[{"count":5,"href":"https:\/\/primafrio.com\/60-aniversario\/wp-json\/wp\/v2\/posts\/1581\/revisions"}],"predecessor-version":[{"id":2484,"href":"https:\/\/primafrio.com\/60-aniversario\/wp-json\/wp\/v2\/posts\/1581\/revisions\/2484"}],"wp:featuredmedia":[{"embeddable":true,"href":"https:\/\/primafrio.com\/60-aniversario\/wp-json\/wp\/v2\/media\/2368"}],"wp:attachment":[{"href":"https:\/\/primafrio.com\/60-aniversario\/wp-json\/wp\/v2\/media?parent=1581"}],"wp:term":[{"taxonomy":"category","embeddable":true,"href":"https:\/\/primafrio.com\/60-aniversario\/wp-json\/wp\/v2\/categories?post=1581"},{"taxonomy":"post_tag","embeddable":true,"href":"https:\/\/primafrio.com\/60-aniversario\/wp-json\/wp\/v2\/tags?post=1581"}],"curies":[{"name":"wp","href":"https:\/\/api.w.org\/{rel}","templated":true}]}}