{"id":1576,"date":"2023-06-16T13:00:11","date_gmt":"2023-06-16T11:00:11","guid":{"rendered":"https:\/\/primafrio.com\/60-aniversario\/?p=1576"},"modified":"2023-12-13T10:35:41","modified_gmt":"2023-12-13T09:35:41","slug":"loles-fernandez","status":"publish","type":"post","link":"https:\/\/primafrio.com\/60-aniversario\/loles-fernandez\/","title":{"rendered":"Loles Fern\u00e1ndez"},"content":{"rendered":"<h2>\u00bfDesde cu\u00e1ndo y c\u00f3mo empezaste a formar parte de la empresa? <\/h2>\n<p>Mi primer contacto con Primafrio fue en el a\u00f1o 2009, cuando me contrataron c\u00f3mo profesional independiente para implantar su sistema de gesti\u00f3n de calidad y medio ambiente. Fue en enero de 2015 cuando Juan Conesa me propuso incorporarme al equipo.<\/p>\n<h2>A t\u00fa parecer, \u00bfqu\u00e9 cualidades destacar\u00edas de la compa\u00f1\u00eda, y cu\u00e1les crees que son los valores que mejor nos definen? <\/h2>\n<p>En mi opini\u00f3n los valores que mejor definen a la organizaci\u00f3n son el fuerte compromiso con los empleados, el compromiso con la mejora continua y la satisfacci\u00f3n del cliente, as\u00ed c\u00f3mo el de la defensa y protecci\u00f3n del medio ambiente.  <\/p>\n<p><h2>\u00bfCu\u00e1l es nuestro punto fuerte?  <\/h2>\n<p>Destacar\u00eda como punto fuerte la apuesta por la formaci\u00f3n a sus empleados, y la innovaci\u00f3n. Primafrio est\u00e1 orientada al futuro, en constante evoluci\u00f3n, hacia un transporte m\u00e1s eficiente y sostenible, de la mano de la integraci\u00f3n de la m\u00e1s moderna tecnolog\u00eda del sector del transporte. <\/p>\n<h2>Despu\u00e9s de estos 60 a\u00f1os: \u00bfde qu\u00e9 te sientes m\u00e1s orgulloso? <\/h2>\n<p>Me siento muy orgullosa del arraigo a la Regi\u00f3n de Murcia de la compa\u00f1\u00eda, as\u00ed c\u00f3mo de la creaci\u00f3n de la Fundaci\u00f3n Primafrio que da respuestas innovadoras a los retos econ\u00f3micos, sociales y ambientales de la sociedad. A trav\u00e9s de la Fundaci\u00f3n se ha ayudado a muchos colectivos a conseguir sus metas.   <\/p>\n<p><h2>\u00bfTienes alguna experiencia rese\u00f1able o alg\u00fan momento que guardes de manera especial en tu memoria? <\/h2>\n<p>Para m\u00ed, un momento muy especial, fue cuando fui a Los Alc\u00e1zares representando a la Fundaci\u00f3n Primafrio, a entregar los premios a los atletas de la Federaci\u00f3n Espa\u00f1ola de Deportes para Discapacitados Intelectuales (FEDDI), en el campeonato nacional. <\/p>\n<p>Estos atletas me transmitieron su falta de prejuicios hacia los dem\u00e1s, su autenticidad, su alegr\u00eda, la ilusi\u00f3n por la vida y el deporte, el juego limpio, el saber ganar y el saber perder\u2026.  <\/p>\n<p>Todo un ejemplo de c\u00f3mo llevar los valores del deporte a la vida diaria.  <\/p>\n<p><p>Fue una ma\u00f1ana m\u00e1gica e inolvidable. <\/p>\n<p>\n","protected":false},"excerpt":{"rendered":"<p>\u00bfDesde cu\u00e1ndo y c\u00f3mo empezaste a formar parte de la empresa? Mi primer contacto con Primafrio fue en el a\u00f1o 2009, cuando me contrataron c\u00f3mo profesional independiente para implantar su sistema de gesti\u00f3n de calidad y medio ambiente. Fue en enero de 2015 cuando Juan Conesa me propuso incorporarme al equipo. A t\u00fa parecer, \u00bfqu\u00e9 [&hellip;]<\/p>\n","protected":false},"author":1,"featured_media":2370,"comment_status":"open","ping_status":"open","sticky":false,"template":"","format":"standard","meta":{"footnotes":""},"categories":[13],"tags":[],"class_list":["post-1576","post","type-post","status-publish","format-standard","has-post-thumbnail","hentry","category-protagonistas"],"_links":{"self":[{"href":"https:\/\/primafrio.com\/60-aniversario\/wp-json\/wp\/v2\/posts\/1576","targetHints":{"allow":["GET"]}}],"collection":[{"href":"https:\/\/primafrio.com\/60-aniversario\/wp-json\/wp\/v2\/posts"}],"about":[{"href":"https:\/\/primafrio.com\/60-aniversario\/wp-json\/wp\/v2\/types\/post"}],"author":[{"embeddable":true,"href":"https:\/\/primafrio.com\/60-aniversario\/wp-json\/wp\/v2\/users\/1"}],"replies":[{"embeddable":true,"href":"https:\/\/primafrio.com\/60-aniversario\/wp-json\/wp\/v2\/comments?post=1576"}],"version-history":[{"count":3,"href":"https:\/\/primafrio.com\/60-aniversario\/wp-json\/wp\/v2\/posts\/1576\/revisions"}],"predecessor-version":[{"id":2492,"href":"https:\/\/primafrio.com\/60-aniversario\/wp-json\/wp\/v2\/posts\/1576\/revisions\/2492"}],"wp:featuredmedia":[{"embeddable":true,"href":"https:\/\/primafrio.com\/60-aniversario\/wp-json\/wp\/v2\/media\/2370"}],"wp:attachment":[{"href":"https:\/\/primafrio.com\/60-aniversario\/wp-json\/wp\/v2\/media?parent=1576"}],"wp:term":[{"taxonomy":"category","embeddable":true,"href":"https:\/\/primafrio.com\/60-aniversario\/wp-json\/wp\/v2\/categories?post=1576"},{"taxonomy":"post_tag","embeddable":true,"href":"https:\/\/primafrio.com\/60-aniversario\/wp-json\/wp\/v2\/tags?post=1576"}],"curies":[{"name":"wp","href":"https:\/\/api.w.org\/{rel}","templated":true}]}}