{"id":1569,"date":"2023-07-07T12:16:46","date_gmt":"2023-07-07T10:16:46","guid":{"rendered":"https:\/\/primafrio.com\/60-aniversario\/?p=1569"},"modified":"2023-12-13T11:06:38","modified_gmt":"2023-12-13T10:06:38","slug":"eduardo-oliver","status":"publish","type":"post","link":"https:\/\/primafrio.com\/60-aniversario\/eduardo-oliver\/","title":{"rendered":"Eduardo Oliver"},"content":{"rendered":"<h2>\u00bfDesde cu\u00e1ndo y c\u00f3mo empezaste a formar parte de la empresa?<\/h2>\n<p>Empec\u00e9 a formar parte de la empresa en Julio de 2002.  Cuando termin\u00e9 mis pr\u00e1cticas de Comercio Internacional en una empresa exportadora de fruta y verdura, recib\u00ed una llamada de Isidro, si quer\u00eda hacer una entrevista de trabajo en una empresa de transporte en Molina de Segura. Esta empresa se llamaba Paconsa y yo no la conoc\u00eda en ese momento. A la ma\u00f1ana siguiente hice la entrevista de trabajo con Juan Conesa, me present\u00f3 a Jos\u00e9 Esteban y al d\u00eda siguiente comenc\u00e9 a trabajar. <\/p>\n<h2>A t\u00fa parecer, \u00bfqu\u00e9 cualidades destacar\u00edas de la compa\u00f1\u00eda, y cu\u00e1les crees que son los valores que mejor nos definen?<\/h2>\n<p>Una de las cualidades que yo destacar\u00eda de la compa\u00f1\u00eda,  la evoluci\u00f3n, ir siempre un paso por delante. En estos a\u00f1os, he aprendido que para ser un referente y l\u00edder de nuestro sector, no vale con lo que has conseguido, lo que cuenta es el proyecto que est\u00e1 en camino. Por este motivo, hay que darle mucho valor a todo lo que se consigue en flota eficiente, en nuevos proyectos que conocemos que existen y los que no se saben, nuevos centros log\u00edsticos, fundaci\u00f3n, formaci\u00f3n, evoluci\u00f3n en las condiciones de los trabajadores, etc. <\/p>\n<p>Creo que los valores que mejor nos definen son: Compromiso, esfuerzo, trabajo, sacrificio.  <\/p>\n<h2>\u00bfCu\u00e1l es nuestro punto fuerte?<\/h2>\n<p>Un punto fuerte que tiene Primafrio es la fiabilidad.  Los clientes pueden confiar en Primafrio con la seguridad de que tanto sus mercanc\u00edas como sus negocios est\u00e1n en manos seguras. <\/p>\n<h2>Despu\u00e9s de estos 60 a\u00f1os: \u00bfde qu\u00e9 te sientes m\u00e1s orgulloso?<\/h2>\n<p>Despu\u00e9s de 21 a\u00f1os en la familia, de lo que m\u00e1s orgulloso me siento, es haber contribuido al crecimiento de la empresa, primero en Paconsa y despu\u00e9s en Primafrio, desde los primeros 50 camiones, tanto en mi tiempo como responsable del departamento de tr\u00e1fico, como ahora en mi funci\u00f3n de formador. <\/p>\n<p>Tambi\u00e9n en las personas que he conocido durante todo este tiempo, a los compa\u00f1eros que muchos de ellos son grandes amigos, a los clientes que han confiado en mi trabajo, as\u00ed como a la familia Conesa por la confianza y el cari\u00f1o que me han demostrado desde el d\u00eda que comenc\u00e9 a trabajar. <\/p>\n<p>En especial quiero recordar a dos personas que ya no est\u00e1n con nosotros: <\/p>\n<p>To\u00f1i Moreno de la oficina de Huelva, que en los a\u00f1os que estuve en Lepe haciendo la campa\u00f1a de fresa me trat\u00f3 como a un hijo m\u00e1s. <\/p>\n<p>Frank Kolter (Garcia Lax) que siempre conf\u00edo en m\u00ed y en mi trabajo en todos los a\u00f1os que trabajamos juntos. <\/p>\n<h2>\u00bfTienes alguna experiencia rese\u00f1able o alg\u00fan momento que guardes de manera especial en t\u00fa memoria?<\/h2>\n<p>El d\u00eda que cay\u00f3 una tromba de agua en Molina de Segura y se inund\u00f3 la oficina. Tuvimos que coger escobas y ponernos a achicar el agua, los pantalones remangaos y para seguir dando servicio a los clientes, nos turn\u00e1bamos, y encima de las mesas atend\u00edamos las llamadas.<\/p>\n","protected":false},"excerpt":{"rendered":"<p>\u00bfDesde cu\u00e1ndo y c\u00f3mo empezaste a formar parte de la empresa? Empec\u00e9 a formar parte de la empresa en Julio de 2002. Cuando termin\u00e9 mis pr\u00e1cticas de Comercio Internacional en una empresa exportadora de fruta y verdura, recib\u00ed una llamada de Isidro, si quer\u00eda hacer una entrevista de trabajo en una empresa de transporte en [&hellip;]<\/p>\n","protected":false},"author":1,"featured_media":2371,"comment_status":"open","ping_status":"open","sticky":false,"template":"","format":"standard","meta":{"footnotes":""},"categories":[13],"tags":[],"class_list":["post-1569","post","type-post","status-publish","format-standard","has-post-thumbnail","hentry","category-protagonistas"],"_links":{"self":[{"href":"https:\/\/primafrio.com\/60-aniversario\/wp-json\/wp\/v2\/posts\/1569","targetHints":{"allow":["GET"]}}],"collection":[{"href":"https:\/\/primafrio.com\/60-aniversario\/wp-json\/wp\/v2\/posts"}],"about":[{"href":"https:\/\/primafrio.com\/60-aniversario\/wp-json\/wp\/v2\/types\/post"}],"author":[{"embeddable":true,"href":"https:\/\/primafrio.com\/60-aniversario\/wp-json\/wp\/v2\/users\/1"}],"replies":[{"embeddable":true,"href":"https:\/\/primafrio.com\/60-aniversario\/wp-json\/wp\/v2\/comments?post=1569"}],"version-history":[{"count":2,"href":"https:\/\/primafrio.com\/60-aniversario\/wp-json\/wp\/v2\/posts\/1569\/revisions"}],"predecessor-version":[{"id":2536,"href":"https:\/\/primafrio.com\/60-aniversario\/wp-json\/wp\/v2\/posts\/1569\/revisions\/2536"}],"wp:featuredmedia":[{"embeddable":true,"href":"https:\/\/primafrio.com\/60-aniversario\/wp-json\/wp\/v2\/media\/2371"}],"wp:attachment":[{"href":"https:\/\/primafrio.com\/60-aniversario\/wp-json\/wp\/v2\/media?parent=1569"}],"wp:term":[{"taxonomy":"category","embeddable":true,"href":"https:\/\/primafrio.com\/60-aniversario\/wp-json\/wp\/v2\/categories?post=1569"},{"taxonomy":"post_tag","embeddable":true,"href":"https:\/\/primafrio.com\/60-aniversario\/wp-json\/wp\/v2\/tags?post=1569"}],"curies":[{"name":"wp","href":"https:\/\/api.w.org\/{rel}","templated":true}]}}