{"id":1567,"date":"2023-07-22T12:12:59","date_gmt":"2023-07-22T10:12:59","guid":{"rendered":"https:\/\/primafrio.com\/60-aniversario\/?p=1567"},"modified":"2023-12-13T10:59:49","modified_gmt":"2023-12-13T09:59:49","slug":"mario-marmol","status":"publish","type":"post","link":"https:\/\/primafrio.com\/60-aniversario\/mario-marmol\/","title":{"rendered":"Mario M\u00e1rmol"},"content":{"rendered":"<h2>\u00bfDesde cu\u00e1ndo y c\u00f3mo empezaste a formar parte de la empresa?<\/h2>\n<p>Desde diciembre de 2012, en el departamento de documentaci\u00f3n en el cual sigo todav\u00eda.<\/p>\n<h2>A t\u00fa parecer, \u00bfqu\u00e9 cualidades destacar\u00edas de la compa\u00f1\u00eda, y cu\u00e1les crees que son los valores que mejor nos definen?<\/h2>\n<p>Pese a la gran cantidad de empleados la cercan\u00eda que hay entre ellos, como una familia. El compromiso para que el trabajo salga adelante y bien.<\/p>\n<h2>\u00bfCu\u00e1l es nuestro punto fuerte?<\/h2>\n<p>La capacidad de solucionar los imprevistos que surgen a lo largo del d\u00eda de manera inmediata.<\/p>\n<h2>Despu\u00e9s de estos 60 a\u00f1os: \u00bfde qu\u00e9 te sientes m\u00e1s orgulloso?<\/h2>\n<p>Del crecimiento progresivo que ha tenido a lo largo de los a\u00f1os sin perder el car\u00e1cter familiar.<\/p>\n<h2>\u00bfTienes alguna experiencia rese\u00f1able o alg\u00fan momento que guardes de manera especial en tu memoria?<\/h2>\n<p>Las noches que en campa\u00f1a de fresa de hace ya unos a\u00f1os en las que en Murcia ya hab\u00edamos repasado todos nuestros viajes y nos junt\u00e1bamos una persona de cada departamento a esperar la llamada desde Lepe para repasar los viajes de ellos para poder irnos a casa.<\/p>\n","protected":false},"excerpt":{"rendered":"<p>\u00bfDesde cu\u00e1ndo y c\u00f3mo empezaste a formar parte de la empresa? Desde diciembre de 2012, en el departamento de documentaci\u00f3n en el cual sigo todav\u00eda. A t\u00fa parecer, \u00bfqu\u00e9 cualidades destacar\u00edas de la compa\u00f1\u00eda, y cu\u00e1les crees que son los valores que mejor nos definen? Pese a la gran cantidad de empleados la cercan\u00eda que [&hellip;]<\/p>\n","protected":false},"author":1,"featured_media":2372,"comment_status":"open","ping_status":"open","sticky":false,"template":"","format":"standard","meta":{"footnotes":""},"categories":[13],"tags":[],"class_list":["post-1567","post","type-post","status-publish","format-standard","has-post-thumbnail","hentry","category-protagonistas"],"_links":{"self":[{"href":"https:\/\/primafrio.com\/60-aniversario\/wp-json\/wp\/v2\/posts\/1567","targetHints":{"allow":["GET"]}}],"collection":[{"href":"https:\/\/primafrio.com\/60-aniversario\/wp-json\/wp\/v2\/posts"}],"about":[{"href":"https:\/\/primafrio.com\/60-aniversario\/wp-json\/wp\/v2\/types\/post"}],"author":[{"embeddable":true,"href":"https:\/\/primafrio.com\/60-aniversario\/wp-json\/wp\/v2\/users\/1"}],"replies":[{"embeddable":true,"href":"https:\/\/primafrio.com\/60-aniversario\/wp-json\/wp\/v2\/comments?post=1567"}],"version-history":[{"count":2,"href":"https:\/\/primafrio.com\/60-aniversario\/wp-json\/wp\/v2\/posts\/1567\/revisions"}],"predecessor-version":[{"id":2521,"href":"https:\/\/primafrio.com\/60-aniversario\/wp-json\/wp\/v2\/posts\/1567\/revisions\/2521"}],"wp:featuredmedia":[{"embeddable":true,"href":"https:\/\/primafrio.com\/60-aniversario\/wp-json\/wp\/v2\/media\/2372"}],"wp:attachment":[{"href":"https:\/\/primafrio.com\/60-aniversario\/wp-json\/wp\/v2\/media?parent=1567"}],"wp:term":[{"taxonomy":"category","embeddable":true,"href":"https:\/\/primafrio.com\/60-aniversario\/wp-json\/wp\/v2\/categories?post=1567"},{"taxonomy":"post_tag","embeddable":true,"href":"https:\/\/primafrio.com\/60-aniversario\/wp-json\/wp\/v2\/tags?post=1567"}],"curies":[{"name":"wp","href":"https:\/\/api.w.org\/{rel}","templated":true}]}}