{"id":1564,"date":"2023-07-25T12:10:08","date_gmt":"2023-07-25T10:10:08","guid":{"rendered":"https:\/\/primafrio.com\/60-aniversario\/?p=1564"},"modified":"2023-12-13T10:58:33","modified_gmt":"2023-12-13T09:58:33","slug":"laura-vera","status":"publish","type":"post","link":"https:\/\/primafrio.com\/60-aniversario\/laura-vera\/","title":{"rendered":"Laura Vera"},"content":{"rendered":"<h2>\u00bfDesde cu\u00e1ndo y c\u00f3mo empezaste a formar parte de la empresa?<\/h2>\n<p>Empec\u00e9 a trabajar en Primafrio en diciembre de 2013. Me contactaron del SEF con una oferta oculta y me seleccionaron al hacer la entrevista. Entr\u00e9 a trabajar en el departamento de contabilidad.<\/p>\n<h2>A t\u00fa parecer, \u00bfqu\u00e9 cualidades destacar\u00edas de la compa\u00f1\u00eda, y cu\u00e1les crees que son los valores que mejor nos definen?<\/h2>\n<p>Como cualidades destacar\u00eda principalmente la resiliencia de la empresa y la capacidad de ser los mejores y los primeros en todo lo que se proponen. Uno de los valores que mas definen a la compa\u00f1\u00eda es el esfuerzo y la dedicaci\u00f3n tanto de los due\u00f1os como de los trabajadores.<\/p>\n<h2>\u00bfCu\u00e1l es nuestro punto fuerte?<\/h2>\n<p>La agilidad en la adaptaci\u00f3n a nuevos entornos y nuevas oportunidades.<\/p>\n<h2>Despu\u00e9s de estos 60 a\u00f1os: \u00bfde qu\u00e9 te sientes m\u00e1s orgulloso?<\/h2>\n<p>De poder seguir formando parte de una empresa que est\u00e1 continuamente creciendo y que tiene el foco puesto en la mejora continua.<\/p>\n<h2>\u00bfTienes alguna experiencia rese\u00f1able o alg\u00fan momento que guardes de manera especial en tu memoria?<\/h2>\n<p>Yo creo que una experiencia que recuerdo con cari\u00f1o fue al principio de llegar a Primafrio. Yo entre un 15 de diciembre y la cena de empresa era justo la semana siguiente. Realmente no conoc\u00eda a nadie todav\u00eda excepto a la persona que trabajaba en ese momento en recepci\u00f3n, pero decid\u00ed ir con el fin de poder conocer a la gente con la que esperaba estar trabajando durante muchos a\u00f1os. Y la verdad es que a pesar de que me daba bastante verg\u00fcenza, me alegr\u00e9 bastante al ver que la gente se tomaba mucho inter\u00e9s en hacerte sentir c\u00f3moda y estar a gusto. Eso me hizo pensar que las personas con las que iba a pasar tanto tiempo a lo largo del d\u00eda iban a poder aportarme algo positivo. Y la verdad es que esto me hizo tambi\u00e9n ver el tipo de personas que contrata Primafrio y me hizo sentir orgullosa de haber sido seleccionada para formar parte de esta familia.<\/p>\n","protected":false},"excerpt":{"rendered":"<p>\u00bfDesde cu\u00e1ndo y c\u00f3mo empezaste a formar parte de la empresa? Empec\u00e9 a trabajar en Primafrio en diciembre de 2013. Me contactaron del SEF con una oferta oculta y me seleccionaron al hacer la entrevista. Entr\u00e9 a trabajar en el departamento de contabilidad. A t\u00fa parecer, \u00bfqu\u00e9 cualidades destacar\u00edas de la compa\u00f1\u00eda, y cu\u00e1les crees [&hellip;]<\/p>\n","protected":false},"author":1,"featured_media":2373,"comment_status":"open","ping_status":"open","sticky":false,"template":"","format":"standard","meta":{"footnotes":""},"categories":[13],"tags":[],"class_list":["post-1564","post","type-post","status-publish","format-standard","has-post-thumbnail","hentry","category-protagonistas"],"_links":{"self":[{"href":"https:\/\/primafrio.com\/60-aniversario\/wp-json\/wp\/v2\/posts\/1564","targetHints":{"allow":["GET"]}}],"collection":[{"href":"https:\/\/primafrio.com\/60-aniversario\/wp-json\/wp\/v2\/posts"}],"about":[{"href":"https:\/\/primafrio.com\/60-aniversario\/wp-json\/wp\/v2\/types\/post"}],"author":[{"embeddable":true,"href":"https:\/\/primafrio.com\/60-aniversario\/wp-json\/wp\/v2\/users\/1"}],"replies":[{"embeddable":true,"href":"https:\/\/primafrio.com\/60-aniversario\/wp-json\/wp\/v2\/comments?post=1564"}],"version-history":[{"count":2,"href":"https:\/\/primafrio.com\/60-aniversario\/wp-json\/wp\/v2\/posts\/1564\/revisions"}],"predecessor-version":[{"id":2518,"href":"https:\/\/primafrio.com\/60-aniversario\/wp-json\/wp\/v2\/posts\/1564\/revisions\/2518"}],"wp:featuredmedia":[{"embeddable":true,"href":"https:\/\/primafrio.com\/60-aniversario\/wp-json\/wp\/v2\/media\/2373"}],"wp:attachment":[{"href":"https:\/\/primafrio.com\/60-aniversario\/wp-json\/wp\/v2\/media?parent=1564"}],"wp:term":[{"taxonomy":"category","embeddable":true,"href":"https:\/\/primafrio.com\/60-aniversario\/wp-json\/wp\/v2\/categories?post=1564"},{"taxonomy":"post_tag","embeddable":true,"href":"https:\/\/primafrio.com\/60-aniversario\/wp-json\/wp\/v2\/tags?post=1564"}],"curies":[{"name":"wp","href":"https:\/\/api.w.org\/{rel}","templated":true}]}}