{"id":1560,"date":"2023-07-28T12:06:23","date_gmt":"2023-07-28T10:06:23","guid":{"rendered":"https:\/\/primafrio.com\/60-aniversario\/?p=1560"},"modified":"2023-12-13T10:57:43","modified_gmt":"2023-12-13T09:57:43","slug":"jorge-cadeniuc","status":"publish","type":"post","link":"https:\/\/primafrio.com\/60-aniversario\/jorge-cadeniuc\/","title":{"rendered":"Jorge Cadeniuc"},"content":{"rendered":"<h2>\u00bfDesde cu\u00e1ndo y c\u00f3mo empezaste a formar parte de la empresa?<\/h2>\n<p>Comenc\u00e9 en Primafrio en al a\u00f1o 2016 en enero, hace 7 a\u00f1os, principio de campa\u00f1a de fresa.<\/p>\n<h2>A t\u00fa parecer, \u00bfqu\u00e9 cualidades destacar\u00edas de la compa\u00f1\u00eda, y cu\u00e1les crees que son los valores que mejor nos definen?<\/h2>\n<p>Por primero destacar\u00eda una calidad que en los d\u00edas de hoy es cada vez m\u00e1s complicado encontrar, es la calidad humana y respecto mutuo de todos que forman parte de esta empresa y que la hacen cada vez m\u00e1s fuerte y mejor.<\/p>\n<h2>\u00bfCu\u00e1l es nuestro punto fuerte?<\/h2>\n<p>A mi parecer nuestro punto mas fuerte es, la responsabilidad que cogemos una vez aceptamos una carga, no puede fallar, nos dedicamos al 100% sea la carga que sea sin que el cliente se d\u00e9 cuenta de nuestras dificultades en desde la carga hasta el destino.<\/p>\n<h2>Despu\u00e9s de estos 60 a\u00f1os: \u00bfde qu\u00e9 te sientes m\u00e1s orgulloso?<\/h2>\n<p>Lo que m\u00e1s me orgullo despu\u00e9s de estos 60 a\u00f1os es que los valores humanos y respecto no se pierden, somos cada vez m\u00e1s rigorosos con nuestro trabajo y claro estoy muy orgulloso de hacer parte de este grande equipo.<\/p>\n<h2>\u00bfTienes alguna experiencia rese\u00f1able o alg\u00fan momento que guardes de manera especial en tu memoria?<\/h2>\n<p>Han pasado muchas cosas desde que me incorpor\u00e9 en Primafrio, pero lo que m\u00e1s me ha marcado ha sido conocer y trabajar junto a una compa\u00f1era que, aunque ya no est\u00e1 con nosotros, me ense\u00f1\u00f3 mucho sobre este trabajo, a nivel profesional y personal.<\/p>\n","protected":false},"excerpt":{"rendered":"<p>\u00bfDesde cu\u00e1ndo y c\u00f3mo empezaste a formar parte de la empresa? Comenc\u00e9 en Primafrio en al a\u00f1o 2016 en enero, hace 7 a\u00f1os, principio de campa\u00f1a de fresa. A t\u00fa parecer, \u00bfqu\u00e9 cualidades destacar\u00edas de la compa\u00f1\u00eda, y cu\u00e1les crees que son los valores que mejor nos definen? Por primero destacar\u00eda una calidad que en [&hellip;]<\/p>\n","protected":false},"author":1,"featured_media":2374,"comment_status":"open","ping_status":"open","sticky":false,"template":"","format":"standard","meta":{"footnotes":""},"categories":[13],"tags":[],"class_list":["post-1560","post","type-post","status-publish","format-standard","has-post-thumbnail","hentry","category-protagonistas"],"_links":{"self":[{"href":"https:\/\/primafrio.com\/60-aniversario\/wp-json\/wp\/v2\/posts\/1560","targetHints":{"allow":["GET"]}}],"collection":[{"href":"https:\/\/primafrio.com\/60-aniversario\/wp-json\/wp\/v2\/posts"}],"about":[{"href":"https:\/\/primafrio.com\/60-aniversario\/wp-json\/wp\/v2\/types\/post"}],"author":[{"embeddable":true,"href":"https:\/\/primafrio.com\/60-aniversario\/wp-json\/wp\/v2\/users\/1"}],"replies":[{"embeddable":true,"href":"https:\/\/primafrio.com\/60-aniversario\/wp-json\/wp\/v2\/comments?post=1560"}],"version-history":[{"count":3,"href":"https:\/\/primafrio.com\/60-aniversario\/wp-json\/wp\/v2\/posts\/1560\/revisions"}],"predecessor-version":[{"id":2516,"href":"https:\/\/primafrio.com\/60-aniversario\/wp-json\/wp\/v2\/posts\/1560\/revisions\/2516"}],"wp:featuredmedia":[{"embeddable":true,"href":"https:\/\/primafrio.com\/60-aniversario\/wp-json\/wp\/v2\/media\/2374"}],"wp:attachment":[{"href":"https:\/\/primafrio.com\/60-aniversario\/wp-json\/wp\/v2\/media?parent=1560"}],"wp:term":[{"taxonomy":"category","embeddable":true,"href":"https:\/\/primafrio.com\/60-aniversario\/wp-json\/wp\/v2\/categories?post=1560"},{"taxonomy":"post_tag","embeddable":true,"href":"https:\/\/primafrio.com\/60-aniversario\/wp-json\/wp\/v2\/tags?post=1560"}],"curies":[{"name":"wp","href":"https:\/\/api.w.org\/{rel}","templated":true}]}}